{"id":1908,"date":"2014-09-11T17:35:20","date_gmt":"2014-09-11T17:35:20","guid":{"rendered":"http:\/\/2horizontes.com\/?p=1908"},"modified":"2014-09-11T17:35:50","modified_gmt":"2014-09-11T17:35:50","slug":"rescatan-a-16-balseros-cubanos-deshidratados-en-los-cayos-de-florida","status":"publish","type":"post","link":"https:\/\/2horizontes.com\/?p=1908","title":{"rendered":"Rescatan a 16 balseros cubanos deshidratados en los Cayos de Florida"},"content":{"rendered":"<p><a href=\"http:\/\/2horizontes.com\/wp-content\/uploads\/2014\/09\/yoleros.jpeg\"><img loading=\"lazy\" decoding=\"async\" src=\"http:\/\/2horizontes.com\/wp-content\/uploads\/2014\/09\/yoleros.jpeg\" alt=\"yoleros\" width=\"294\" height=\"221\" class=\"alignleft size-full wp-image-1909\" \/><\/a> EFE. Miami.- Diecis\u00e9is balseros cubanos fueron interceptados ayer cerca de los Cayos de Florida y siete de ellos necesitaron atenci\u00f3n m\u00e9dica tras sufrir deshidrataci\u00f3n extrema, inform\u00f3 la versi\u00f3n digital de El Nuevo Herald.<\/p>\n<p>La nota detall\u00f3 que el portavoz de la Guardia Costera, Ensign Peter Bermont, dijo que alrededor de la una de la tarde de ayer un navegante vio una balsa azul cerca de Alligator Reef Light y luego un equipo de la Guardia Costera en Islamorada y de la Comisi\u00f3n para la Conservaci\u00f3n de la Pesca y la Fauna de Florida (FFWCC) respondieron al llamado, cerca del Cayo Matecumbe.<\/p>\n<p>Los siete balseros deshidratados fueron llevados a la estaci\u00f3n de la Guardia Costera en Islamorada, y seg\u00fan Bermont, estos podr\u00e1n permanecer en Estados Unidos bas\u00e1ndose en la pol\u00edtica federal de \u00abpies secos, pies mojados\u00bb.<\/p>\n<p>Esta pol\u00edtica permite a los cubanos quedarse en el pa\u00eds si llegan a pisar tierra, mientras que los interceptados en el mar, aunque sea a pocos metros de la orilla, son devueltos a Cuba.<\/p>\n<p>No obstante, los otros nueve fueron arrestados por la Guardia Costera y ser\u00e1n repatriados a Cuba, dijo Bermont en su declaraci\u00f3n al diario.<\/p>\n<p>Las fuertes lluvias que cayeron sobre los Cayos al noroeste de este mi\u00e9rcoles, hizo que la \u00faltima escala del viaje de los balseros sea a\u00fan m\u00e1s peligrosa, concluy\u00f3 la nota.<\/p>\n","protected":false},"excerpt":{"rendered":"<p>EFE. Miami.- Diecis\u00e9is balseros cubanos fueron interceptados ayer cerca de los Cayos de Florida y siete de ellos necesitaron atenci\u00f3n m\u00e9dica tras sufrir deshidrataci\u00f3n extrema, inform\u00f3 la versi\u00f3n digital de El Nuevo Herald. La nota detall\u00f3 que el portavoz de la Guardia Costera, Ensign Peter Bermont, dijo que alrededor de la una de la tarde [&hellip;]<\/p>\n","protected":false},"author":1,"featured_media":0,"comment_status":"open","ping_status":"open","sticky":false,"template":"","format":"standard","meta":{"footnotes":""},"categories":[1],"tags":[],"class_list":["post-1908","post","type-post","status-publish","format-standard","hentry","category-entretenimiento"],"_links":{"self":[{"href":"https:\/\/2horizontes.com\/index.php?rest_route=\/wp\/v2\/posts\/1908","targetHints":{"allow":["GET"]}}],"collection":[{"href":"https:\/\/2horizontes.com\/index.php?rest_route=\/wp\/v2\/posts"}],"about":[{"href":"https:\/\/2horizontes.com\/index.php?rest_route=\/wp\/v2\/types\/post"}],"author":[{"embeddable":true,"href":"https:\/\/2horizontes.com\/index.php?rest_route=\/wp\/v2\/users\/1"}],"replies":[{"embeddable":true,"href":"https:\/\/2horizontes.com\/index.php?rest_route=%2Fwp%2Fv2%2Fcomments&post=1908"}],"version-history":[{"count":1,"href":"https:\/\/2horizontes.com\/index.php?rest_route=\/wp\/v2\/posts\/1908\/revisions"}],"predecessor-version":[{"id":1910,"href":"https:\/\/2horizontes.com\/index.php?rest_route=\/wp\/v2\/posts\/1908\/revisions\/1910"}],"wp:attachment":[{"href":"https:\/\/2horizontes.com\/index.php?rest_route=%2Fwp%2Fv2%2Fmedia&parent=1908"}],"wp:term":[{"taxonomy":"category","embeddable":true,"href":"https:\/\/2horizontes.com\/index.php?rest_route=%2Fwp%2Fv2%2Fcategories&post=1908"},{"taxonomy":"post_tag","embeddable":true,"href":"https:\/\/2horizontes.com\/index.php?rest_route=%2Fwp%2Fv2%2Ftags&post=1908"}],"curies":[{"name":"wp","href":"https:\/\/api.w.org\/{rel}","templated":true}]}}