{"id":19060,"date":"2015-08-04T10:45:34","date_gmt":"2015-08-04T09:45:34","guid":{"rendered":"http:\/\/2horizontes.com\/?p=19060"},"modified":"2015-08-04T10:45:34","modified_gmt":"2015-08-04T09:45:34","slug":"los-reyes-posan-con-normalidad-en-el-palacio-de-marivent","status":"publish","type":"post","link":"https:\/\/2horizontes.com\/?p=19060","title":{"rendered":"Los reyes posan con normalidad en el Palacio de Marivent"},"content":{"rendered":"<p>Felipe VI ha expresado este lunes en los jardines del Palacio de Marivent su disposici\u00f3n a tratar \u00abcon normalidad\u00bb la propuesta balear para abrir parte de este espacio al p\u00fablic, estudiarla bien para no \u00abdar pasos en falso\u00bb y colaborar con el Gobierno auton\u00f3mico para organizarlo todo de la mejor manera.<\/p>\n<p>Don Felipe y do\u00f1a Letizia han posado esta tarde para una nutrida representaci\u00f3n de medios junto a sus dos hijas ante el palacio, al igual que hicieron hace un a\u00f1o, cuando recuperaron la tradici\u00f3n de las sesiones fotogr\u00e1ficas de la familia real en Marivent, interrumpida despu\u00e9s de 2007, para hacer visible el compromiso de los nuevos reyes con Mallorca y Baleares.<\/p>\n<p>Tras acercarse los reyes y sus hijas al medio centenar de informadores presentes para darles la mano uno a uno y agradecerles su asistencia, los cuatro han posado para las c\u00e1maras en distintos puntos de los jardines de acceso, el \u00faltimo de ellos en la escalera del palacio, y \u00e9ste ha respondido a algunas preguntas de los periodistas.<\/p>\n<p>As\u00ed, ha confirmado que participar\u00e1 en la Copa del Rey de Vela, aunque no todos los d\u00edas y ha precisado que a\u00fan no tienen decidido hasta cu\u00e1ndo seguir\u00e1n en Mallorca, ha apuntado. Sobre si sus hijas se inscribir\u00e1n en un curso de vela, ha contestado que \u00abalguna vez, depende de ellas\u00bb, mientras dirig\u00eda su mirada a Leonor, que se encog\u00eda de hombros en un gesto espont\u00e1neo.<\/p>\n<p>Don Felipe tambi\u00e9n ha recalcado que, como siempre, se encuentra \u00abmuy bien\u00bb en esta isla, donde \u00abla gente es estupenda\u00bb, y, ante una \u00faltima pregunta que se interesaba por su opini\u00f3n sobre la propuesta de apertura parcial al p\u00fablico de los jardines de Marivent, ha puntualizado que \u00abno es cuesti\u00f3n de opini\u00f3n\u00bb y ha subrayado la necesidad de tratar este asunto con normalidad.<\/p>\n","protected":false},"excerpt":{"rendered":"<p>Felipe VI ha expresado este lunes en los jardines del Palacio de Marivent su disposici\u00f3n a tratar \u00abcon normalidad\u00bb la propuesta balear para abrir parte de este espacio al p\u00fablic, estudiarla bien para no \u00abdar pasos en falso\u00bb y colaborar con el Gobierno auton\u00f3mico para organizarlo todo de la mejor manera. Don Felipe y do\u00f1a [&hellip;]<\/p>\n","protected":false},"author":3,"featured_media":19061,"comment_status":"open","ping_status":"open","sticky":false,"template":"","format":"standard","meta":{"footnotes":""},"categories":[85],"tags":[],"class_list":["post-19060","post","type-post","status-publish","format-standard","has-post-thumbnail","hentry","category-espana"],"_links":{"self":[{"href":"https:\/\/2horizontes.com\/index.php?rest_route=\/wp\/v2\/posts\/19060","targetHints":{"allow":["GET"]}}],"collection":[{"href":"https:\/\/2horizontes.com\/index.php?rest_route=\/wp\/v2\/posts"}],"about":[{"href":"https:\/\/2horizontes.com\/index.php?rest_route=\/wp\/v2\/types\/post"}],"author":[{"embeddable":true,"href":"https:\/\/2horizontes.com\/index.php?rest_route=\/wp\/v2\/users\/3"}],"replies":[{"embeddable":true,"href":"https:\/\/2horizontes.com\/index.php?rest_route=%2Fwp%2Fv2%2Fcomments&post=19060"}],"version-history":[{"count":1,"href":"https:\/\/2horizontes.com\/index.php?rest_route=\/wp\/v2\/posts\/19060\/revisions"}],"predecessor-version":[{"id":19062,"href":"https:\/\/2horizontes.com\/index.php?rest_route=\/wp\/v2\/posts\/19060\/revisions\/19062"}],"wp:featuredmedia":[{"embeddable":true,"href":"https:\/\/2horizontes.com\/index.php?rest_route=\/wp\/v2\/media\/19061"}],"wp:attachment":[{"href":"https:\/\/2horizontes.com\/index.php?rest_route=%2Fwp%2Fv2%2Fmedia&parent=19060"}],"wp:term":[{"taxonomy":"category","embeddable":true,"href":"https:\/\/2horizontes.com\/index.php?rest_route=%2Fwp%2Fv2%2Fcategories&post=19060"},{"taxonomy":"post_tag","embeddable":true,"href":"https:\/\/2horizontes.com\/index.php?rest_route=%2Fwp%2Fv2%2Ftags&post=19060"}],"curies":[{"name":"wp","href":"https:\/\/api.w.org\/{rel}","templated":true}]}}