{"id":18983,"date":"2015-08-03T16:05:51","date_gmt":"2015-08-03T15:05:51","guid":{"rendered":"http:\/\/2horizontes.com\/?p=18983"},"modified":"2015-08-03T16:05:51","modified_gmt":"2015-08-03T15:05:51","slug":"hospital-infantil-ha-recibido-134-casos-de-dengue-santiago-rd","status":"publish","type":"post","link":"https:\/\/2horizontes.com\/?p=18983","title":{"rendered":"Hospital infantil ha recibido 134 casos de dengue Santiago RD"},"content":{"rendered":"<p><strong>RD-Santiago.<\/strong> De los 134 menores afectados con dengue que fueron ingresados en el hospital infantil Arturo Grull\u00f3n, 87 son de comunidades de Santiago.El informe del centro de salud establece que desde enero a la fecha el n\u00famero de afectados por la enfermedad causada por el mosquito transmisor es menor en comparaci\u00f3n a los primeros ocho meses del 2014 que fueron 430.<\/p>\n<p>De los 134 afectados por el dengue 69 fueron ni\u00f1as y 65 ni\u00f1os con edades comprendidas entre uno y 19 a\u00f1os.<\/p>\n<p>Sin embargo, hasta el momento no se han presentado pacientes de la comunidad La Cuesta de Santo Cerro en La Vega, donde recientemente se detect\u00f3 un brote de 25 personas afectadas.<\/p>\n<p>Despu\u00e9s de Santiago, la provincia que le sigue en casos de menores con s\u00edntomas de dengue y que fueron intervenidos en el hospital infantil Arturo Grull\u00f3n son: Valverde con 10, La Vega con siete, Puerto Plata con seis y cinco en Santiago Rodr\u00edguez.<\/p>\n","protected":false},"excerpt":{"rendered":"<p>RD-Santiago. De los 134 menores afectados con dengue que fueron ingresados en el hospital infantil Arturo Grull\u00f3n, 87 son de comunidades de Santiago.El informe del centro de salud establece que desde enero a la fecha el n\u00famero de afectados por la enfermedad causada por el mosquito transmisor es menor en comparaci\u00f3n a los primeros ocho [&hellip;]<\/p>\n","protected":false},"author":8,"featured_media":18984,"comment_status":"open","ping_status":"open","sticky":false,"template":"","format":"standard","meta":{"footnotes":""},"categories":[53,44,45],"tags":[],"class_list":["post-18983","post","type-post","status-publish","format-standard","has-post-thumbnail","hentry","category-provincias","category-republica-dominicana","category-salud"],"_links":{"self":[{"href":"https:\/\/2horizontes.com\/index.php?rest_route=\/wp\/v2\/posts\/18983","targetHints":{"allow":["GET"]}}],"collection":[{"href":"https:\/\/2horizontes.com\/index.php?rest_route=\/wp\/v2\/posts"}],"about":[{"href":"https:\/\/2horizontes.com\/index.php?rest_route=\/wp\/v2\/types\/post"}],"author":[{"embeddable":true,"href":"https:\/\/2horizontes.com\/index.php?rest_route=\/wp\/v2\/users\/8"}],"replies":[{"embeddable":true,"href":"https:\/\/2horizontes.com\/index.php?rest_route=%2Fwp%2Fv2%2Fcomments&post=18983"}],"version-history":[{"count":1,"href":"https:\/\/2horizontes.com\/index.php?rest_route=\/wp\/v2\/posts\/18983\/revisions"}],"predecessor-version":[{"id":18985,"href":"https:\/\/2horizontes.com\/index.php?rest_route=\/wp\/v2\/posts\/18983\/revisions\/18985"}],"wp:featuredmedia":[{"embeddable":true,"href":"https:\/\/2horizontes.com\/index.php?rest_route=\/wp\/v2\/media\/18984"}],"wp:attachment":[{"href":"https:\/\/2horizontes.com\/index.php?rest_route=%2Fwp%2Fv2%2Fmedia&parent=18983"}],"wp:term":[{"taxonomy":"category","embeddable":true,"href":"https:\/\/2horizontes.com\/index.php?rest_route=%2Fwp%2Fv2%2Fcategories&post=18983"},{"taxonomy":"post_tag","embeddable":true,"href":"https:\/\/2horizontes.com\/index.php?rest_route=%2Fwp%2Fv2%2Ftags&post=18983"}],"curies":[{"name":"wp","href":"https:\/\/api.w.org\/{rel}","templated":true}]}}