{"id":18951,"date":"2015-08-03T15:09:04","date_gmt":"2015-08-03T14:09:04","guid":{"rendered":"http:\/\/2horizontes.com\/?p=18951"},"modified":"2015-08-03T15:09:04","modified_gmt":"2015-08-03T14:09:04","slug":"umpih-dice-declaraciones-de-haiti-sobre-la-harina-buscan-hacerle-dano-al-pais","status":"publish","type":"post","link":"https:\/\/2horizontes.com\/?p=18951","title":{"rendered":"UMPIH dice declaraciones de Hait\u00ed sobre la harina buscan hacerle da\u00f1o al pa\u00eds"},"content":{"rendered":"<p>La Uni\u00f3n de Medianos y Peque\u00f1os Industriales de la Harina afirm\u00f3 que las declaraciones del vecino pa\u00eds sobre la comercializaci\u00f3n en Hait\u00ed de harina dominicana con \u00a0componente cancer\u00edgeno mortal para el consumo humano busca hacerle da\u00f1o a la imagen de la Rep\u00fablica Dominicana.<\/p>\n<p>La instituci\u00f3n dijo que posiblemente la acusaci\u00f3n de Hait\u00ed tenga un matiz pol\u00edtico por la implementaci\u00f3n del Plan Nacional de Regularizaci\u00f3n.<\/p>\n<p>Explic\u00f3 que desde el 2010 el gobierno Dominicano prohibi\u00f3 la elaboraci\u00f3n de productos con bromato, por lo que es evidente que la denuncia no tiene base legal.<\/p>\n<p>Agencia.<\/p>\n","protected":false},"excerpt":{"rendered":"<p>La Uni\u00f3n de Medianos y Peque\u00f1os Industriales de la Harina afirm\u00f3 que las declaraciones del vecino pa\u00eds sobre la comercializaci\u00f3n en Hait\u00ed de harina dominicana con \u00a0componente cancer\u00edgeno mortal para el consumo humano busca hacerle da\u00f1o a la imagen de la Rep\u00fablica Dominicana. La instituci\u00f3n dijo que posiblemente la acusaci\u00f3n de Hait\u00ed tenga un matiz [&hellip;]<\/p>\n","protected":false},"author":7,"featured_media":18953,"comment_status":"open","ping_status":"open","sticky":false,"template":"","format":"standard","meta":{"footnotes":""},"categories":[47,40,44],"tags":[],"class_list":["post-18951","post","type-post","status-publish","format-standard","has-post-thumbnail","hentry","category-haiti","category-internacionales","category-republica-dominicana"],"_links":{"self":[{"href":"https:\/\/2horizontes.com\/index.php?rest_route=\/wp\/v2\/posts\/18951","targetHints":{"allow":["GET"]}}],"collection":[{"href":"https:\/\/2horizontes.com\/index.php?rest_route=\/wp\/v2\/posts"}],"about":[{"href":"https:\/\/2horizontes.com\/index.php?rest_route=\/wp\/v2\/types\/post"}],"author":[{"embeddable":true,"href":"https:\/\/2horizontes.com\/index.php?rest_route=\/wp\/v2\/users\/7"}],"replies":[{"embeddable":true,"href":"https:\/\/2horizontes.com\/index.php?rest_route=%2Fwp%2Fv2%2Fcomments&post=18951"}],"version-history":[{"count":1,"href":"https:\/\/2horizontes.com\/index.php?rest_route=\/wp\/v2\/posts\/18951\/revisions"}],"predecessor-version":[{"id":18954,"href":"https:\/\/2horizontes.com\/index.php?rest_route=\/wp\/v2\/posts\/18951\/revisions\/18954"}],"wp:featuredmedia":[{"embeddable":true,"href":"https:\/\/2horizontes.com\/index.php?rest_route=\/wp\/v2\/media\/18953"}],"wp:attachment":[{"href":"https:\/\/2horizontes.com\/index.php?rest_route=%2Fwp%2Fv2%2Fmedia&parent=18951"}],"wp:term":[{"taxonomy":"category","embeddable":true,"href":"https:\/\/2horizontes.com\/index.php?rest_route=%2Fwp%2Fv2%2Fcategories&post=18951"},{"taxonomy":"post_tag","embeddable":true,"href":"https:\/\/2horizontes.com\/index.php?rest_route=%2Fwp%2Fv2%2Ftags&post=18951"}],"curies":[{"name":"wp","href":"https:\/\/api.w.org\/{rel}","templated":true}]}}