{"id":18929,"date":"2015-08-03T14:39:59","date_gmt":"2015-08-03T13:39:59","guid":{"rendered":"http:\/\/2horizontes.com\/?p=18929"},"modified":"2015-08-03T14:39:59","modified_gmt":"2015-08-03T13:39:59","slug":"hoy-quedo-paralizado-transporte-de-carga-desde-rd-a-haiti","status":"publish","type":"post","link":"https:\/\/2horizontes.com\/?p=18929","title":{"rendered":"Hoy qued\u00f3 paralizado transporte de carga desde RD a Hait\u00ed"},"content":{"rendered":"<p>RD-SANTO DOMINGO.- El transporte de carga desde la Rep\u00fablica Dominicana hacia Hait\u00ed fue suspendido a las 6:00 de la ma\u00f1ana de hoy debido a la falta de protecci\u00f3n que tienen los camiones criollos en ese pa\u00eds, inform\u00f3 la Federaci\u00f3n Nacional de Transporte Dominicano (FENATRADO).<\/p>\n<p>La medida provocar\u00eda serios trastornos al suministro de mercanc\u00edas en Hait\u00ed y p\u00e9rdidas millonarias a m\u00e1s de 50 empresas que se involucran en la actividad comercial entre ambos pa\u00edses, resalta hoy la prensa matutina dominicana.<\/p>\n<p>El presidente de Fenatrado, Blas Peralta, dijo que el paro se inici\u00f3 a la 6:00 de la ma\u00f1ana, y s\u00f3lo ser\u00e1 levantado cuando las autoridades haitianas cumplan con acuerdos firmados con el gobierno dominicano de dar protecci\u00f3n a los \u00a0transportistas.<\/p>\n<p>Diariamente \u00a0m\u00e1s de 100 camiones dominicanos entran a Hait\u00ed con cargas de cemento, varilla, medicamentos, madera, alimentos y materias primas.<\/p>\n<p>FENATRADO\u00a0 ha dicho que m\u00e1s de 60 veh\u00edculos de sus afiliados han sido objeto de agresiones \u00a0luego de la \u00a0muerte de un haitiano a manos de un compatriota suyo, \u00a0por cuyo hecho acusan a un dominicano. Como parte de las mismas camiones han quedado con\u00a0cristales rotos y sus mercanc\u00edas han sido robadas.<\/p>\n<p>\u201cAnte este hecho de salvajismo hemos tomado esta decisi\u00f3n hasta que los gobiernos dominicano y haitiano se pongan\u00a0 de acuerdo y cumplan los pactos que tantas veces han hecho y ninguno ha sido cumplido\u201d, manifest\u00f3.<\/p>\n<p>Dijo que no volver\u00e1n Hait\u00ed hasta que el gobierno de este pa\u00eds se responsabilice y pague los da\u00f1os causados a los veh\u00edculos as\u00ed como por las mercanc\u00edas robadas por personas, \u00a0que calific\u00f3 de \u201cv\u00e1ndalos del vecino pa\u00eds\u201d<\/p>\n<p>\u201cLamentamos tener que tomar esta medida\u201d, enfatiz\u00f3.<\/p>\n","protected":false},"excerpt":{"rendered":"<p>RD-SANTO DOMINGO.- El transporte de carga desde la Rep\u00fablica Dominicana hacia Hait\u00ed fue suspendido a las 6:00 de la ma\u00f1ana de hoy debido a la falta de protecci\u00f3n que tienen los camiones criollos en ese pa\u00eds, inform\u00f3 la Federaci\u00f3n Nacional de Transporte Dominicano (FENATRADO). La medida provocar\u00eda serios trastornos al suministro de mercanc\u00edas en Hait\u00ed [&hellip;]<\/p>\n","protected":false},"author":8,"featured_media":18930,"comment_status":"open","ping_status":"open","sticky":false,"template":"","format":"standard","meta":{"footnotes":""},"categories":[44],"tags":[],"class_list":["post-18929","post","type-post","status-publish","format-standard","has-post-thumbnail","hentry","category-republica-dominicana"],"_links":{"self":[{"href":"https:\/\/2horizontes.com\/index.php?rest_route=\/wp\/v2\/posts\/18929","targetHints":{"allow":["GET"]}}],"collection":[{"href":"https:\/\/2horizontes.com\/index.php?rest_route=\/wp\/v2\/posts"}],"about":[{"href":"https:\/\/2horizontes.com\/index.php?rest_route=\/wp\/v2\/types\/post"}],"author":[{"embeddable":true,"href":"https:\/\/2horizontes.com\/index.php?rest_route=\/wp\/v2\/users\/8"}],"replies":[{"embeddable":true,"href":"https:\/\/2horizontes.com\/index.php?rest_route=%2Fwp%2Fv2%2Fcomments&post=18929"}],"version-history":[{"count":1,"href":"https:\/\/2horizontes.com\/index.php?rest_route=\/wp\/v2\/posts\/18929\/revisions"}],"predecessor-version":[{"id":18931,"href":"https:\/\/2horizontes.com\/index.php?rest_route=\/wp\/v2\/posts\/18929\/revisions\/18931"}],"wp:featuredmedia":[{"embeddable":true,"href":"https:\/\/2horizontes.com\/index.php?rest_route=\/wp\/v2\/media\/18930"}],"wp:attachment":[{"href":"https:\/\/2horizontes.com\/index.php?rest_route=%2Fwp%2Fv2%2Fmedia&parent=18929"}],"wp:term":[{"taxonomy":"category","embeddable":true,"href":"https:\/\/2horizontes.com\/index.php?rest_route=%2Fwp%2Fv2%2Fcategories&post=18929"},{"taxonomy":"post_tag","embeddable":true,"href":"https:\/\/2horizontes.com\/index.php?rest_route=%2Fwp%2Fv2%2Ftags&post=18929"}],"curies":[{"name":"wp","href":"https:\/\/api.w.org\/{rel}","templated":true}]}}