{"id":18813,"date":"2015-08-02T06:17:48","date_gmt":"2015-08-02T05:17:48","guid":{"rendered":"http:\/\/2horizontes.com\/?p=18813"},"modified":"2015-08-02T06:18:31","modified_gmt":"2015-08-02T05:18:31","slug":"11-muertos-en-un-accidente-de-un-avion-militar-en-colombia","status":"publish","type":"post","link":"https:\/\/2horizontes.com\/?p=18813","title":{"rendered":"11 muertos en un accidente de un avi\u00f3n militar en Colombia"},"content":{"rendered":"<p class=\"story-body__introduction\">La Fuerza A\u00e9rea Colombiana (FAC) inform\u00f3 que once personas murieron al estrellarse en el norte del pa\u00eds un avi\u00f3n militar del tipo CASA CN235.<\/p>\n<p>El presidente de Colombia, Juan Manuel Santos, hab\u00eda dicho en un principio que los fallecidos eran doce pero la FAC aclar\u00f3 posteriormente que son once.<\/p>\n<p><strong>\u00abLamentamos la muerte de 11 h\u00e9roes de @FuerzaAereaCol que fallecieron en accidente a\u00e9reo\u00bb<\/strong>, indic\u00f3 la FAC en un mensaje de Twitter.<\/p>\n<p>El siniestro de la <strong>aeronave del tipo CASA CN235<\/strong> se produjo en el municipio de Agust\u00edn Codazzi, en el departamento de Cesar (norte).<\/p>\n<p><strong>\u00ab<\/strong>Nuestras sentidas condolencias a sus familiares\u00bb, escribi\u00f3 Santos a trav\u00e9s de la misma red social.<\/p>\n<figure class=\"media-landscape body-narrow-width has-caption\"><img loading=\"lazy\" decoding=\"async\" class=\"js-image-replace alignleft\" src=\"http:\/\/ichef.bbci.co.uk\/news\/ws\/304\/amz\/worldservice\/live\/assets\/images\/2015\/08\/01\/150801012032_sp_colombian_air_force_plane_crashed__304x171_reuters.jpg\" alt=\"\" width=\"304\" height=\"171\" \/><figcaption class=\"media-caption\"><span class=\"media-caption__text\">La Fuerza A\u00e9rea abri\u00f3 una investigaci\u00f3n. Las primeras pesquisas apuntan a un fallo en el motor.<\/span><\/figcaption><\/figure>\n<p>Una comisi\u00f3n de la <strong>Inspecci\u00f3n General de la Fuerza A\u00e9rea<\/strong> se desplaz\u00f3 hasta el lugar del accidente para iniciar, junto con un grupo multidisciplinario, las labores de investigaci\u00f3n para aclarar lo sucedido, inform\u00f3 el Ministerio de Defensa.<\/p>\n<p>Las autoridades ya iniciaron las labores de<strong> rescate de los cuerpos de los militares fallecidos<\/strong>. Se trata de cuatro oficiales y siete suboficiales.<\/p>\n<p>Seg\u00fan las primeras pesquitas el avi\u00f3n sufri\u00f3 <strong>un fallo en un motor<\/strong>.<\/p>\n<p>El CN235, fabricado por la compa\u00f1\u00eda espa\u00f1ola CASA y la indonesa IPTN, es un carguero tubopropulsado bimotor utilizado para transporte de tropa y traslado de carga.<\/p>\n<p>BBC<\/p>\n","protected":false},"excerpt":{"rendered":"<p>La Fuerza A\u00e9rea Colombiana (FAC) inform\u00f3 que once personas murieron al estrellarse en el norte del pa\u00eds un avi\u00f3n militar del tipo CASA CN235. El presidente de Colombia, Juan Manuel Santos, hab\u00eda dicho en un principio que los fallecidos eran doce pero la FAC aclar\u00f3 posteriormente que son once. \u00abLamentamos la muerte de 11 h\u00e9roes [&hellip;]<\/p>\n","protected":false},"author":4,"featured_media":18814,"comment_status":"open","ping_status":"open","sticky":false,"template":"","format":"standard","meta":{"footnotes":""},"categories":[50],"tags":[],"class_list":["post-18813","post","type-post","status-publish","format-standard","has-post-thumbnail","hentry","category-colombia"],"_links":{"self":[{"href":"https:\/\/2horizontes.com\/index.php?rest_route=\/wp\/v2\/posts\/18813","targetHints":{"allow":["GET"]}}],"collection":[{"href":"https:\/\/2horizontes.com\/index.php?rest_route=\/wp\/v2\/posts"}],"about":[{"href":"https:\/\/2horizontes.com\/index.php?rest_route=\/wp\/v2\/types\/post"}],"author":[{"embeddable":true,"href":"https:\/\/2horizontes.com\/index.php?rest_route=\/wp\/v2\/users\/4"}],"replies":[{"embeddable":true,"href":"https:\/\/2horizontes.com\/index.php?rest_route=%2Fwp%2Fv2%2Fcomments&post=18813"}],"version-history":[{"count":2,"href":"https:\/\/2horizontes.com\/index.php?rest_route=\/wp\/v2\/posts\/18813\/revisions"}],"predecessor-version":[{"id":18816,"href":"https:\/\/2horizontes.com\/index.php?rest_route=\/wp\/v2\/posts\/18813\/revisions\/18816"}],"wp:featuredmedia":[{"embeddable":true,"href":"https:\/\/2horizontes.com\/index.php?rest_route=\/wp\/v2\/media\/18814"}],"wp:attachment":[{"href":"https:\/\/2horizontes.com\/index.php?rest_route=%2Fwp%2Fv2%2Fmedia&parent=18813"}],"wp:term":[{"taxonomy":"category","embeddable":true,"href":"https:\/\/2horizontes.com\/index.php?rest_route=%2Fwp%2Fv2%2Fcategories&post=18813"},{"taxonomy":"post_tag","embeddable":true,"href":"https:\/\/2horizontes.com\/index.php?rest_route=%2Fwp%2Fv2%2Ftags&post=18813"}],"curies":[{"name":"wp","href":"https:\/\/api.w.org\/{rel}","templated":true}]}}