{"id":18802,"date":"2015-08-02T04:12:42","date_gmt":"2015-08-02T03:12:42","guid":{"rendered":"http:\/\/2horizontes.com\/?p=18802"},"modified":"2015-08-02T04:12:42","modified_gmt":"2015-08-02T03:12:42","slug":"protesta-en-miami-contra-deportacion-inmigrantes-haitianos-desde-rd","status":"publish","type":"post","link":"https:\/\/2horizontes.com\/?p=18802","title":{"rendered":"Protesta en Miami contra deportaci\u00f3n inmigrantes haitianos desde RD"},"content":{"rendered":"<p class=\"DETALLE_N_titulo \" style=\"text-align: justify\"><strong>MIAMI.-<\/strong> \u00a0M\u00e1s de un centenar de personas se congregaron hoy en el centro de Miami (Florida, EE.UU.) para expresar su rechazo a la deportaci\u00f3n de personas de origen haitiano nacidas en territorio de Rep\u00fablica <span class=\"classCadenaBusqueda\">Dominicana<\/span>.<\/p>\n<div id=\"texto\" class=\"texto_txt\">\n<div class=\"DETALLE_N_texto \">\n<p style=\"text-align: justify\"><span id=\"ctl14_lblMostra\">\u201c(La pol\u00edtica de deportaciones) es ilegal y xen\u00f3foba\u201d, se\u00f1al\u00f3 a Efe Elizabeth Taveras, de la Coalici\u00f3n de Inmigrantes de Florida, uno de los colectivos que particip\u00f3 en la marcha iniciada delante del consulado de Rep\u00fablica <span class=\"classCadenaBusqueda\">Dominicana<\/span> y que concluy\u00f3 en la Antorcha de la Amistad, en el centro urbano de la ciudad estadounidense.<\/span><\/p>\n<p style=\"text-align: justify\">Durante la marcha, los participantes expresaron su solidaridad con los \u201c250.000 haitianos y dominicanos de ascendencia haitiana que han sido despojados de su ciudadan\u00eda y est\u00e1n en riesgo de ser deportados\u201d, tal como se\u00f1al\u00f3 la Liga Haitiana para los Derechos Humanos.<\/p>\n<p style=\"text-align: justify\">A la protesta se sumaron representantes de la di\u00e1spora haitiana y <span class=\"classCadenaBusqueda\">dominicana<\/span>, as\u00ed como l\u00edderes religiosos residentes en el sur de la Florida, quienes pidieron al Gobierno del presidente Barack Obama que insista a Rep\u00fablica <span class=\"classCadenaBusqueda\">Dominicana<\/span> a que restaure \u201cla plena ciudadan\u00eda a los dominicanos de ascendencia haitiana\u201d, seg\u00fan destac\u00f3 Nancy Trevi\u00f1o, un activista organizadora de la marcha.<\/p>\n<p style=\"text-align: justify\">La protesta en Miami fue uno de los actos programados en diferentes ciudades de Estados Unidos, en el marco de la denominada \u201cSemana Nacional de Acci\u00f3n contra el Racismo y las deportaciones masivas en la Rep\u00fablica<span class=\"classCadenaBusqueda\">Dominicana<\/span>\u201c, que se celebr\u00f3 desde el lunes 27 de julio hasta hoy.<\/p>\n<p style=\"text-align: justify\">En Washington, por lo menos 50 personas marcharon tambi\u00e9n hoy desde la sede de la OEA hasta la Casa Blanca para pedir al Gobierno de EE.UU. que presione al de Rep\u00fablica <span class=\"classCadenaBusqueda\">Dominicana<\/span> para que modifique su pol\u00edtica migratoria.<\/p>\n<p style=\"text-align: justify\">\u201cCreo que Estados Unidos deber\u00eda replantearse su relaci\u00f3n bilateral y comercial con la Rep\u00fablica<span class=\"classCadenaBusqueda\">Dominicana<\/span>hasta que se terminen estos abusos\u201d, manifest\u00f3 France Fran\u00e7ois, una estadounidense hija de inmigrantes haitianos en Estados Unidos y que pertenece a la Asociaci\u00f3n de Profesionales Haitianos (AHP).<\/p>\n<p style=\"text-align: justify\">El mi\u00e9rcoles, una misi\u00f3n de la OEA que visit\u00f3 la Rep\u00fablica <span class=\"classCadenaBusqueda\">Dominicana<\/span> y Hait\u00ed alert\u00f3 en un informe sobre la existencia de desplazados \u201cen condiciones precarias\u201d y de que hay personas \u201cen riesgo de no contar con ninguna nacionalidad reconocida\u201d.<\/p>\n<p style=\"text-align: justify\">Ello a ra\u00edz de una pol\u00e9mica sentencia del Tribunal Constitucional dominicano de 2013 que neg\u00f3 la nacionalidad a los descendientes de indocumentados nacidos en su territorio, la mayor\u00eda haitianos.<\/p>\n<p style=\"text-align: justify\">El Gobierno dominicano lanz\u00f3 este a\u00f1o un Plan Nacional de Regularizaci\u00f3n de Extranjeros al que se acogieron m\u00e1s de 288.000 personas, pero muchas organizaciones temen que decenas de miles de personas de origen haitiano nacidas en la Rep\u00fablica <span class=\"classCadenaBusqueda\">Dominicana<\/span> se queden ap\u00e1tridas, al no ser reconocidas por ning\u00fan pa\u00eds.<\/p>\n<\/div>\n<\/div>\n","protected":false},"excerpt":{"rendered":"<p>MIAMI.- \u00a0M\u00e1s de un centenar de personas se congregaron hoy en el centro de Miami (Florida, EE.UU.) para expresar su rechazo a la deportaci\u00f3n de personas de origen haitiano nacidas en territorio de Rep\u00fablica Dominicana. \u201c(La pol\u00edtica de deportaciones) es ilegal y xen\u00f3foba\u201d, se\u00f1al\u00f3 a Efe Elizabeth Taveras, de la Coalici\u00f3n de Inmigrantes de Florida, [&hellip;]<\/p>\n","protected":false},"author":878,"featured_media":18804,"comment_status":"open","ping_status":"open","sticky":false,"template":"","format":"standard","meta":{"footnotes":""},"categories":[40],"tags":[],"class_list":["post-18802","post","type-post","status-publish","format-standard","has-post-thumbnail","hentry","category-internacionales"],"_links":{"self":[{"href":"https:\/\/2horizontes.com\/index.php?rest_route=\/wp\/v2\/posts\/18802","targetHints":{"allow":["GET"]}}],"collection":[{"href":"https:\/\/2horizontes.com\/index.php?rest_route=\/wp\/v2\/posts"}],"about":[{"href":"https:\/\/2horizontes.com\/index.php?rest_route=\/wp\/v2\/types\/post"}],"author":[{"embeddable":true,"href":"https:\/\/2horizontes.com\/index.php?rest_route=\/wp\/v2\/users\/878"}],"replies":[{"embeddable":true,"href":"https:\/\/2horizontes.com\/index.php?rest_route=%2Fwp%2Fv2%2Fcomments&post=18802"}],"version-history":[{"count":1,"href":"https:\/\/2horizontes.com\/index.php?rest_route=\/wp\/v2\/posts\/18802\/revisions"}],"predecessor-version":[{"id":18803,"href":"https:\/\/2horizontes.com\/index.php?rest_route=\/wp\/v2\/posts\/18802\/revisions\/18803"}],"wp:featuredmedia":[{"embeddable":true,"href":"https:\/\/2horizontes.com\/index.php?rest_route=\/wp\/v2\/media\/18804"}],"wp:attachment":[{"href":"https:\/\/2horizontes.com\/index.php?rest_route=%2Fwp%2Fv2%2Fmedia&parent=18802"}],"wp:term":[{"taxonomy":"category","embeddable":true,"href":"https:\/\/2horizontes.com\/index.php?rest_route=%2Fwp%2Fv2%2Fcategories&post=18802"},{"taxonomy":"post_tag","embeddable":true,"href":"https:\/\/2horizontes.com\/index.php?rest_route=%2Fwp%2Fv2%2Ftags&post=18802"}],"curies":[{"name":"wp","href":"https:\/\/api.w.org\/{rel}","templated":true}]}}