{"id":18783,"date":"2015-08-01T16:32:26","date_gmt":"2015-08-01T15:32:26","guid":{"rendered":"http:\/\/2horizontes.com\/?p=18783"},"modified":"2015-08-01T16:32:26","modified_gmt":"2015-08-01T15:32:26","slug":"reconoceran-como-hija-distinguida-de-cotui-a-la-medallista-ana-villanueva","status":"publish","type":"post","link":"https:\/\/2horizontes.com\/?p=18783","title":{"rendered":"Reconocer\u00e1n como \u201chija distinguida\u201d de Cotu\u00ed a la medallista Ana Villanueva"},"content":{"rendered":"<p>RD- COTUI Como una reina\u201d, ser\u00e1 recibida este s\u00e1bado en su comunidad natal por la Uni\u00f3n Deportiva de esta provincia, la karateca Ana Villanueva, quien revalid\u00f3 su medalla de oro\u00a0 en los pasados Juegos Panamericanos Toronto-2015, luego de lograrla en Guadalajara 2011 en los 48 kilogramos.<\/p>\n<p>As\u00ed lo anunciaron Narciso Morales, Fabio de Le\u00f3n, Sim\u00f3n Viloria quienes hablaron en nombre de esa organizaci\u00f3n deportiva, al tiempo que anunciaron que se organiza una caravana que desde las 4:00 de la tarde recorrer\u00e1 las principales calles de la ciudad hasta llegar al casino Juan S\u00e1nchez Ram\u00edrez, donde tendr\u00e1 lugar un acto para declarar como \u201cHija Meritoria\u201d, a tan noble atleta que sabido poner el alto el nombre de esta provincia.<\/p>\n<p>El acto en el casino ser\u00e1 a partir de las 7:00 de la noche y contar\u00e1 con la presencia de las principales autoridades civiles y militares. Fue invitado al acto el presidente del Comit\u00e9 Ol\u00edmpico Dominicano, licenciado Luis Mej\u00eda Oviedo y el presidente de la Federaci\u00f3n Dominicana de Karate, Juan Luis Ram\u00edrez, (Borola).<\/p>\n<p>\u201cEsta provincia se siente honrada con la actuaci\u00f3n de Villanueva\u201d, afirmaron los dirigentes deportivos de Cotu\u00ed, al tiempo de exhortar a todos los cotuisanos a la actividad.<\/p>\n<p>La medallista de oro en contienda continental, naci\u00f3n en Zambarana-Cotui, del matrimonio de Rumaldo Villanueva y Aleja Fabi\u00e1n. Se inici\u00f3 en la pr\u00e1ctica de karate en su provincia natal.<\/p>\n<p>En el a\u00f1o 2005 participa en las olimpiadas deportivas en Cuba donde gan\u00f3 dos medallas de oro. En el 2006 logra la presea dorada en los Juegos Centroamericanos y del Caribe, celebrados en Cartagena de India en Colombia.<\/p>\n","protected":false},"excerpt":{"rendered":"<p>RD- COTUI Como una reina\u201d, ser\u00e1 recibida este s\u00e1bado en su comunidad natal por la Uni\u00f3n Deportiva de esta provincia, la karateca Ana Villanueva, quien revalid\u00f3 su medalla de oro\u00a0 en los pasados Juegos Panamericanos Toronto-2015, luego de lograrla en Guadalajara 2011 en los 48 kilogramos. As\u00ed lo anunciaron Narciso Morales, Fabio de Le\u00f3n, Sim\u00f3n [&hellip;]<\/p>\n","protected":false},"author":8,"featured_media":18784,"comment_status":"open","ping_status":"open","sticky":false,"template":"","format":"standard","meta":{"footnotes":""},"categories":[42,53,44],"tags":[],"class_list":["post-18783","post","type-post","status-publish","format-standard","has-post-thumbnail","hentry","category-deportes","category-provincias","category-republica-dominicana"],"_links":{"self":[{"href":"https:\/\/2horizontes.com\/index.php?rest_route=\/wp\/v2\/posts\/18783","targetHints":{"allow":["GET"]}}],"collection":[{"href":"https:\/\/2horizontes.com\/index.php?rest_route=\/wp\/v2\/posts"}],"about":[{"href":"https:\/\/2horizontes.com\/index.php?rest_route=\/wp\/v2\/types\/post"}],"author":[{"embeddable":true,"href":"https:\/\/2horizontes.com\/index.php?rest_route=\/wp\/v2\/users\/8"}],"replies":[{"embeddable":true,"href":"https:\/\/2horizontes.com\/index.php?rest_route=%2Fwp%2Fv2%2Fcomments&post=18783"}],"version-history":[{"count":1,"href":"https:\/\/2horizontes.com\/index.php?rest_route=\/wp\/v2\/posts\/18783\/revisions"}],"predecessor-version":[{"id":18785,"href":"https:\/\/2horizontes.com\/index.php?rest_route=\/wp\/v2\/posts\/18783\/revisions\/18785"}],"wp:featuredmedia":[{"embeddable":true,"href":"https:\/\/2horizontes.com\/index.php?rest_route=\/wp\/v2\/media\/18784"}],"wp:attachment":[{"href":"https:\/\/2horizontes.com\/index.php?rest_route=%2Fwp%2Fv2%2Fmedia&parent=18783"}],"wp:term":[{"taxonomy":"category","embeddable":true,"href":"https:\/\/2horizontes.com\/index.php?rest_route=%2Fwp%2Fv2%2Fcategories&post=18783"},{"taxonomy":"post_tag","embeddable":true,"href":"https:\/\/2horizontes.com\/index.php?rest_route=%2Fwp%2Fv2%2Ftags&post=18783"}],"curies":[{"name":"wp","href":"https:\/\/api.w.org\/{rel}","templated":true}]}}