{"id":18780,"date":"2015-08-01T16:27:17","date_gmt":"2015-08-01T15:27:17","guid":{"rendered":"http:\/\/2horizontes.com\/?p=18780"},"modified":"2015-08-01T16:27:17","modified_gmt":"2015-08-01T15:27:17","slug":"tres-hombres-condenados-a-30-anos-de-prision-cada-uno-por-atraco-y-asesinato-contra-comerciante","status":"publish","type":"post","link":"https:\/\/2horizontes.com\/?p=18780","title":{"rendered":"Tres hombres condenados a 30 a\u00f1os de prisi\u00f3n cada uno por atraco y asesinato contra comerciante"},"content":{"rendered":"<p>RD SANTO DOMINGO-Tres hombres acusados de asesinar a un comerciante durante un atraco, ocurrido en diciembre del 2012, fueron condenados a 30 a\u00f1os de prisi\u00f3n cada uno, en la c\u00e1rcel el 15 de Azua, seg\u00fan inform\u00f3 el ministerio p\u00fablico.<\/p>\n<p>Las sentencias fueron dictadas contra\u00a0 Juan Alexander G\u00e1lvez Marte de 23 a\u00f1os, Jos\u00e9 Daniel P\u00e9rez Ram\u00edrez, de 20 a\u00f1os y\u00a0 Gabriel Arturo Correa de 22, tras ser hallados culpables de violar\u00a0 los art\u00edculos 265,266, 295, 296, 297, 298, 304, 309, 2,\u00a0 379, 382, 304 y 385 del C\u00f3digo Penal Dominicano, tipificados como: Asociaci\u00f3n de Malhechores, robo agravado y asesinato en perjuicio de Juan Manuel Pacheco D\u00edaz, de 58 a\u00f1os de edad.<\/p>\n<p>La agresi\u00f3n\u00a0 contra Pacheco D\u00edaz\u00a0 ocurri\u00f3 el 28 de diciembre del 2012,\u00a0 cuando los sentenciados lo atracaron y asesinaron, cuando este se encontraba en un colmado de su propiedad en la urbanizaci\u00f3n Santa Cruz, Villa Mella, municipio Santo Domingo Norte.<\/p>\n<p>De acuerdo al expediente instrumentado por la Fiscal\u00eda de la provincia Santo Domingo, los imputados conformaban una banda de malhechores que se dedicaba a atracar y agredir\u00a0 f\u00edsicamente a sus v\u00edctimas, llegando hasta el extremo, como en el caso de Pacheco D\u00edaz, de segarles la vida.<\/p>\n<p>Tras acoger una solicitud de la Procuradur\u00eda Fiscal de la Provincia de Santo Domingo, el Primer Tribunal Colegiado de Santo Domingo dict\u00f3 \u00a0 los 90 a\u00f1os de prisi\u00f3n en sumatoria, contra los\u00a0 tres hombres.<\/p>\n<p>Durante el juicio de fondo, el Ministerio P\u00fablico, que dirige la magistrada Olga Din\u00e1 Llaver\u00edas, demostr\u00f3\u00a0 que los acusados son responsables de los delitos que se les imputan y en consecuencia deber\u00e1n cumplir 30 a\u00f1os de prisi\u00f3n, individualmente, en la C\u00e1rcel del\u00a0 15 de Azua.<\/p>\n","protected":false},"excerpt":{"rendered":"<p>RD SANTO DOMINGO-Tres hombres acusados de asesinar a un comerciante durante un atraco, ocurrido en diciembre del 2012, fueron condenados a 30 a\u00f1os de prisi\u00f3n cada uno, en la c\u00e1rcel el 15 de Azua, seg\u00fan inform\u00f3 el ministerio p\u00fablico. Las sentencias fueron dictadas contra\u00a0 Juan Alexander G\u00e1lvez Marte de 23 a\u00f1os, Jos\u00e9 Daniel P\u00e9rez Ram\u00edrez, [&hellip;]<\/p>\n","protected":false},"author":8,"featured_media":18781,"comment_status":"open","ping_status":"open","sticky":false,"template":"","format":"standard","meta":{"footnotes":""},"categories":[44],"tags":[],"class_list":["post-18780","post","type-post","status-publish","format-standard","has-post-thumbnail","hentry","category-republica-dominicana"],"_links":{"self":[{"href":"https:\/\/2horizontes.com\/index.php?rest_route=\/wp\/v2\/posts\/18780","targetHints":{"allow":["GET"]}}],"collection":[{"href":"https:\/\/2horizontes.com\/index.php?rest_route=\/wp\/v2\/posts"}],"about":[{"href":"https:\/\/2horizontes.com\/index.php?rest_route=\/wp\/v2\/types\/post"}],"author":[{"embeddable":true,"href":"https:\/\/2horizontes.com\/index.php?rest_route=\/wp\/v2\/users\/8"}],"replies":[{"embeddable":true,"href":"https:\/\/2horizontes.com\/index.php?rest_route=%2Fwp%2Fv2%2Fcomments&post=18780"}],"version-history":[{"count":1,"href":"https:\/\/2horizontes.com\/index.php?rest_route=\/wp\/v2\/posts\/18780\/revisions"}],"predecessor-version":[{"id":18782,"href":"https:\/\/2horizontes.com\/index.php?rest_route=\/wp\/v2\/posts\/18780\/revisions\/18782"}],"wp:featuredmedia":[{"embeddable":true,"href":"https:\/\/2horizontes.com\/index.php?rest_route=\/wp\/v2\/media\/18781"}],"wp:attachment":[{"href":"https:\/\/2horizontes.com\/index.php?rest_route=%2Fwp%2Fv2%2Fmedia&parent=18780"}],"wp:term":[{"taxonomy":"category","embeddable":true,"href":"https:\/\/2horizontes.com\/index.php?rest_route=%2Fwp%2Fv2%2Fcategories&post=18780"},{"taxonomy":"post_tag","embeddable":true,"href":"https:\/\/2horizontes.com\/index.php?rest_route=%2Fwp%2Fv2%2Ftags&post=18780"}],"curies":[{"name":"wp","href":"https:\/\/api.w.org\/{rel}","templated":true}]}}