{"id":18696,"date":"2015-07-31T18:32:59","date_gmt":"2015-07-31T17:32:59","guid":{"rendered":"http:\/\/2horizontes.com\/?p=18696"},"modified":"2015-07-31T18:32:59","modified_gmt":"2015-07-31T17:32:59","slug":"detienen-con-us1-mm-a-funcionaria-de-fiscalia-colombiana-cuando-regresaba-a-esa-nacion-procedente-de-rd","status":"publish","type":"post","link":"https:\/\/2horizontes.com\/?p=18696","title":{"rendered":"Detienen con US$1 MM a funcionaria de Fiscal\u00eda colombiana cuando regresaba a esa naci\u00f3n procedente de RD"},"content":{"rendered":"<div id=\"ArticleAuthorDiv\" class=\"article-body-author\"><b>EFE<\/b><\/div>\n<div id=\"ArticleSourceDiv\" class=\"article-body-author\"><b>Bogot\u00e1<\/b><\/div>\n<div id=\"ArticleBody\">\n<p>La Polic\u00eda colombiana detuvo a la secretaria de un alto funcionario de la Fiscal\u00eda General y a otras cuatro personas presuntamente vinculadas a una red dedicada al contrabando cuando ingresaban al pa\u00eds m\u00e1s de un mill\u00f3n de d\u00f3lares escondidos en su equipaje, informaron fuentes oficiales.<\/p>\n<p>La funcionaria detenida es Carmen Sof\u00eda Carre\u00f1o, secretaria del director del Cuerpo T\u00e9cnico de Investigaci\u00f3n (CTI) de la Fiscal\u00eda, Juli\u00e1n Quintana, y con ella fueron arrestados en el aeropuerto internacional El Dorado de Bogot\u00e1 un hombre que la acompa\u00f1aba y su hija cuando regresaban procedentes de Rep\u00fablica Dominicana.<\/p>\n<p>Otras dos personas tambi\u00e9n fueron detenidas en esta operaci\u00f3n seg\u00fan inform\u00f3 la Casa de Nari\u00f1o, sede del Gobierno.<\/p>\n<p>El presidente colombiano, Juan Manuel Santos, dijo en Puerto As\u00eds, en el sure\u00f1o departamento de Putumayo, lim\u00edtrofe con Ecuador, que a los viajeros se les decomisaron 1.080.000 d\u00f3lares y a\u00f1adi\u00f3 que dos de los detenidos pertenec\u00edan al antiguo Departamento Administrativo de Seguridad (DAS), entidad desmantelada hace varios a\u00f1os tras un esc\u00e1ndalo de escuchas ilegales.<\/p>\n<p>\u00abHoy (ayer) una de ellas trabaja con la Polic\u00eda y otra trabaja con la Fiscal\u00eda, es la secretaria privada del director del CTI\u00bb, agreg\u00f3.<\/p>\n<p>Quintana se refiri\u00f3 a la detenci\u00f3n de Carre\u00f1o y asegur\u00f3 a periodistas: \u00abNo es una persona de mi confianza, solamente cumple funciones asistenciales de recepci\u00f3n de correspondencia y llamadas\u00bb.<\/p>\n<p>El director del CTI agreg\u00f3 que la Fiscal\u00eda reprocha todo acto de corrupci\u00f3n de cualquier funcionario y que se har\u00e1 la investigaci\u00f3n correspondiente con toda la disciplina que requiera el caso.<\/p>\n<p>Santos se\u00f1al\u00f3 que el Gobierno continuar\u00e1 con contundencia la lucha contra la ilegalidad y destac\u00f3 adem\u00e1s que las autoridades se incautaron seis contenedores con mercanc\u00eda de contrabando cuyo valor supera los 20.000 millones de pesos (unos 6,9 millones de d\u00f3lares) en el norte del pa\u00eds.<\/p>\n<p>\u00abLa lucha contra el contrabando contin\u00faa\u00bb, dijo Santos, quien destac\u00f3 la reciente aprobaci\u00f3n de la ley anticontrabando con la cual van \u00aba ver muchos m\u00e1s resultados\u00bb.<\/p>\n<\/div>\n","protected":false},"excerpt":{"rendered":"<p>EFE Bogot\u00e1 La Polic\u00eda colombiana detuvo a la secretaria de un alto funcionario de la Fiscal\u00eda General y a otras cuatro personas presuntamente vinculadas a una red dedicada al contrabando cuando ingresaban al pa\u00eds m\u00e1s de un mill\u00f3n de d\u00f3lares escondidos en su equipaje, informaron fuentes oficiales. La funcionaria detenida es Carmen Sof\u00eda Carre\u00f1o, secretaria [&hellip;]<\/p>\n","protected":false},"author":7,"featured_media":18697,"comment_status":"open","ping_status":"open","sticky":false,"template":"","format":"standard","meta":{"footnotes":""},"categories":[50,40],"tags":[],"class_list":["post-18696","post","type-post","status-publish","format-standard","has-post-thumbnail","hentry","category-colombia","category-internacionales"],"_links":{"self":[{"href":"https:\/\/2horizontes.com\/index.php?rest_route=\/wp\/v2\/posts\/18696","targetHints":{"allow":["GET"]}}],"collection":[{"href":"https:\/\/2horizontes.com\/index.php?rest_route=\/wp\/v2\/posts"}],"about":[{"href":"https:\/\/2horizontes.com\/index.php?rest_route=\/wp\/v2\/types\/post"}],"author":[{"embeddable":true,"href":"https:\/\/2horizontes.com\/index.php?rest_route=\/wp\/v2\/users\/7"}],"replies":[{"embeddable":true,"href":"https:\/\/2horizontes.com\/index.php?rest_route=%2Fwp%2Fv2%2Fcomments&post=18696"}],"version-history":[{"count":1,"href":"https:\/\/2horizontes.com\/index.php?rest_route=\/wp\/v2\/posts\/18696\/revisions"}],"predecessor-version":[{"id":18698,"href":"https:\/\/2horizontes.com\/index.php?rest_route=\/wp\/v2\/posts\/18696\/revisions\/18698"}],"wp:featuredmedia":[{"embeddable":true,"href":"https:\/\/2horizontes.com\/index.php?rest_route=\/wp\/v2\/media\/18697"}],"wp:attachment":[{"href":"https:\/\/2horizontes.com\/index.php?rest_route=%2Fwp%2Fv2%2Fmedia&parent=18696"}],"wp:term":[{"taxonomy":"category","embeddable":true,"href":"https:\/\/2horizontes.com\/index.php?rest_route=%2Fwp%2Fv2%2Fcategories&post=18696"},{"taxonomy":"post_tag","embeddable":true,"href":"https:\/\/2horizontes.com\/index.php?rest_route=%2Fwp%2Fv2%2Ftags&post=18696"}],"curies":[{"name":"wp","href":"https:\/\/api.w.org\/{rel}","templated":true}]}}