{"id":18684,"date":"2015-07-31T18:17:40","date_gmt":"2015-07-31T17:17:40","guid":{"rendered":"http:\/\/2horizontes.com\/?p=18684"},"modified":"2015-07-31T18:17:40","modified_gmt":"2015-07-31T17:17:40","slug":"el-caricom-dice-el-vaticano-podria-jugar-buen-papel-ante-situacion-rd-y-haiti","status":"publish","type":"post","link":"https:\/\/2horizontes.com\/?p=18684","title":{"rendered":"El Caricom dice el Vaticano podr\u00eda jugar buen papel ante situaci\u00f3n RD y Hait\u00ed"},"content":{"rendered":"<div id=\"ArticleAuthorDiv\" class=\"article-body-author\"><b>EFE<\/b><\/div>\n<div id=\"ArticleSourceDiv\" class=\"article-body-author\"><b>San Juan<\/b><\/div>\n<div id=\"ArticleBody\">\n<p>La Comunidad del Caribe (Caricom) y el Vaticano formalizaron relaciones al recibir hoy el secretario general de la organizaci\u00f3n regional, Irwin LaRocque, las credenciales del primer embajador de la Iglesia cat\u00f3lica.<\/p>\n<p>El acto tuvo lugar en la sede de Caricom en Georgetown, la capital de Guyana, donde LaRocque dio la bienvenida el arzobispo Nicola Girasoli, nuevo plenipotenciario representante de la Santa Sede ante Caricom.<\/p>\n<p>LaRocque subray\u00f3 que la acreditaci\u00f3n proporciona una v\u00eda para que el Vaticano y Caricom trabajen juntos en temas de inter\u00e9s com\u00fan.<\/p>\n<p>Adem\u00e1s, expres\u00f3 su \u00abprofundo agradecimiento\u00bb a la labor de las entidades religiosas en favor de la educaci\u00f3n y las labores sociales en general que ayudan a los menos favorecidos.<\/p>\n<p>El secretario general de Caricom dijo que las acciones valientes y declaraciones del papa Francisco, en particular con respecto al cambio clim\u00e1tico, son muy bienvenidas por los Estados miembros del grupo, que, afirm\u00f3, se llevan la peor parte de sus efectos.<\/p>\n<p>\u00abComo el papa Francisco observ\u00f3 con raz\u00f3n los pa\u00edses industrializados son los principales responsables de estos problemas y est\u00e1n obligados a ayudar a las naciones m\u00e1s pobres\u00bb, asegur\u00f3 LaRocque.<\/p>\n<p>Se refiri\u00f3 adem\u00e1s a la situaci\u00f3n de los descendientes de haitianos en la Rep\u00fablica Dominicana que ser\u00edan deportados tras el fin del plan de regularizaci\u00f3n migratoria en ese pa\u00eds.<\/p>\n<p>\u00abQu\u00e9 ser\u00e1 de esas personas, muchos de los cuales no tienen lazos culturales, sociales o ling\u00fc\u00edsticas en Hait\u00ed\u00bb, se pregunt\u00f3, tras apuntar que el Vaticano podr\u00eda jugar un papel para solucionar ese problema.<\/p>\n<p>El arzobispo Girasoli dijo por su parte que este supone un \u00abnuevo cap\u00edtulo\u00bb en las relaciones entre la Santa Sede y Caricom.<\/p>\n<p>\u00abEn la presentaci\u00f3n de mis credenciales es mi deseo reiterar el compromiso de la Santa Sede a colaborar estrechamente con Caricom, compartiendo con la esperanza de que la iniciativa contribuir\u00e1 al bienestar de la regi\u00f3n del Caribe\u00bb, agreg\u00f3.<\/p>\n<p>Caricom est\u00e1 integrada por Antigua y Barbuda, Bahamas, Barbados, Belice, Dominica, Granada, Guyana, Hait\u00ed, Jamaica, Montserrat, Santa Luc\u00eda, San Crist\u00f3bal y Nieves, San Vicente y Granadinas, Surinam y Trinidad y Tobago.<\/p>\n<\/div>\n<div><\/div>\n<p>&nbsp;<\/p>\n","protected":false},"excerpt":{"rendered":"<p>EFE San Juan La Comunidad del Caribe (Caricom) y el Vaticano formalizaron relaciones al recibir hoy el secretario general de la organizaci\u00f3n regional, Irwin LaRocque, las credenciales del primer embajador de la Iglesia cat\u00f3lica. El acto tuvo lugar en la sede de Caricom en Georgetown, la capital de Guyana, donde LaRocque dio la bienvenida el [&hellip;]<\/p>\n","protected":false},"author":7,"featured_media":18685,"comment_status":"open","ping_status":"open","sticky":false,"template":"","format":"standard","meta":{"footnotes":""},"categories":[47,40,43,44],"tags":[],"class_list":["post-18684","post","type-post","status-publish","format-standard","has-post-thumbnail","hentry","category-haiti","category-internacionales","category-politica","category-republica-dominicana"],"_links":{"self":[{"href":"https:\/\/2horizontes.com\/index.php?rest_route=\/wp\/v2\/posts\/18684","targetHints":{"allow":["GET"]}}],"collection":[{"href":"https:\/\/2horizontes.com\/index.php?rest_route=\/wp\/v2\/posts"}],"about":[{"href":"https:\/\/2horizontes.com\/index.php?rest_route=\/wp\/v2\/types\/post"}],"author":[{"embeddable":true,"href":"https:\/\/2horizontes.com\/index.php?rest_route=\/wp\/v2\/users\/7"}],"replies":[{"embeddable":true,"href":"https:\/\/2horizontes.com\/index.php?rest_route=%2Fwp%2Fv2%2Fcomments&post=18684"}],"version-history":[{"count":1,"href":"https:\/\/2horizontes.com\/index.php?rest_route=\/wp\/v2\/posts\/18684\/revisions"}],"predecessor-version":[{"id":18686,"href":"https:\/\/2horizontes.com\/index.php?rest_route=\/wp\/v2\/posts\/18684\/revisions\/18686"}],"wp:featuredmedia":[{"embeddable":true,"href":"https:\/\/2horizontes.com\/index.php?rest_route=\/wp\/v2\/media\/18685"}],"wp:attachment":[{"href":"https:\/\/2horizontes.com\/index.php?rest_route=%2Fwp%2Fv2%2Fmedia&parent=18684"}],"wp:term":[{"taxonomy":"category","embeddable":true,"href":"https:\/\/2horizontes.com\/index.php?rest_route=%2Fwp%2Fv2%2Fcategories&post=18684"},{"taxonomy":"post_tag","embeddable":true,"href":"https:\/\/2horizontes.com\/index.php?rest_route=%2Fwp%2Fv2%2Ftags&post=18684"}],"curies":[{"name":"wp","href":"https:\/\/api.w.org\/{rel}","templated":true}]}}