{"id":18661,"date":"2015-07-31T16:57:11","date_gmt":"2015-07-31T15:57:11","guid":{"rendered":"http:\/\/2horizontes.com\/?p=18661"},"modified":"2015-07-31T17:00:15","modified_gmt":"2015-07-31T16:00:15","slug":"rajoy-la-recuperacion-tiene-el-riesgo-de-la-incertidumbre-politica","status":"publish","type":"post","link":"https:\/\/2horizontes.com\/?p=18661","title":{"rendered":"Catalu\u00f1a no ser\u00e1 independiente de ninguna manera"},"content":{"rendered":"<p>El presidente del Gobierno, Mariano Rajoy, ha comparecido en el Palacio de la Moncloa para hacer balance del curso pol\u00edtico y ha lanzado un mensaje de firmeza a Artur Mas asegurando que \u00abCatalu\u00f1a no ser\u00e1 independiente de ninguna manera\u00bb y ha defendido los Presupuestos aprobados hoy para que sirvan para \u00abresarcir de los sacrificios poco a poco a los espa\u00f1oles\u00bb. El presidente se ha agarrado a los datos econ\u00f3micos que reflejan que \u00abla cosa va mejor\u00bb y a que hay \u00abque mirar el futuro con optimismo\u00bb para remachar que en ese escenario de \u00abuna recuperaci\u00f3n econ\u00f3mica que est\u00e1 ah\u00ed existen riesgos que no vienen de la econom\u00eda sino de la incertidumbre pol\u00edtica\u00bb. Rajoy los delimit\u00f3 a dos: la deriva independentista en Catalu\u00f1a y la propuestas de otros partidos, fundamentalmente el PSOE y Podemos, que sigue viendo como \u00abocurrencias\u00bb.<\/p>\n<p>Por su exposici\u00f3n, por el n\u00famero de preguntas formuladas, por la extensi\u00f3n de sus respuestas y por los avisos que incluy\u00f3 en ellas est\u00e1 claro que la situaci\u00f3n que m\u00e1s inquieta ahora mismo a Rajoy es lo que defini\u00f3 como \u00abel desaf\u00edo rupturista y soberanista que lleva toda la legislatura en Catalu\u00f1a\u00bb. El propio presidente admiti\u00f3 que ese \u00f3rdago llegar\u00e1 a su \u00abpunto \u00e1lgido\u00bb con la convocatoria de las elecciones auton\u00f3micas el 27 de septiembre, las terceras en cinco a\u00f1os. Rajoy rechaza que se nomine esos comicios como pleblscitarios \u00abporque no existen en ning\u00fan pa\u00eds del mundo\u00bb y se extendi\u00f3 sobrel valor intrisenco en todas las democracias \u00abdel cumplimiento de la ley\u00bb.<\/p>\n<p>\u00abNo va a haber elecciones plebiscitarias porque las proh\u00edbe la ley, como tampoco hubo refer\u00e9ndum, por mucha propaganda que se hiciera. Hay que respetar la ley, la unidad de Espa\u00f1a, la soberan\u00eda nacional y la igualdad entre todos los espa\u00f1oles\u00bb, enfatiz\u00f3 en su discurso inicial el presidente. Luego, tras ser interrogado de nuevo por la importancia hist\u00f3rica de esos comicios, que se dilucidar\u00e1n entre la lista unitaria soberanista y las fuerzas constitucionalistas o espa\u00f1olistas, Rajoy acept\u00f3 la trascendencia de la cita pero reiter\u00f3 que las elecciones ser\u00e1n solo auton\u00f3micas, para elegir un parlamento auton\u00f3mico, aunque acept\u00f3 que en esa campa\u00f1a \u00abse va a hablar de todo y de asuntos importantes que no estaban sobre la mesa\u00bb.<\/p>\n<p>El l\u00edder del PP a\u00f1adi\u00f3 que no le asusta la complicada situaci\u00f3n catalana, asumi\u00f3 que el presidente catal\u00e1n Artur Mas tiene el derecho de ir en una lista de n\u00famero cuatro detr\u00e1s de dirigentes comunistas y de Esquerra Republicana, aunque le ret\u00f3 a explicarlo a sus \u00abvotantes cl\u00e1sicos\u00bb y, sobre todo, le conmin\u00f3 a dedicarse a resolver los problemas de la gente. Rajoy destac\u00f3 que todos los responsables p\u00fablicos saben de la importancia de cumplir la ley y alert\u00f3 de que con los planes de Mas, que asegur\u00f3 que nunca se llevar\u00e1n a cabo, lo que se persigue al final es sacar a Catalu\u00f1a de Europa, de la Uni\u00f3n Europea, del euro y del Banco Central Europeo. Anunci\u00f3 que dar\u00e1 la batalla para que todo eso no suceda.<\/p>\n<p>Tras resaltar los datos positivos de la econom\u00eda espa\u00f1ola y la importancia de dejar sentadas las bases y la senda del futuro presupuesto para 2016, el presidente ha insistido en el tema catal\u00e1n. \u00abEl Gobierno va a velar por el cumplimiento de la ley y defenderla activamente\u00bb. Tambi\u00e9n remarc\u00f3 que \u00abEspa\u00f1a es un pa\u00eds serio\u00bb y que el Ejecutivo no va a permitir \u00abque se prive a los catalanes de su triple condici\u00f3n de espa\u00f1oles, catalanes y europeos porque en ning\u00fan pa\u00eds serio se puede permitir violentar la ley y sacar un rendimiento pol\u00edtico de ello\u00bb. En ese punto ha vuelto a destacar el riesgo econ\u00f3mico de esa operaci\u00f3n pol\u00edtica: \u00abCada cual puede poner en circulaci\u00f3n toda seria de ocurrencias, pero no a poner en peligro los pilares sobre los que se asienta la recuperaci\u00f3n de nuestro pa\u00eds\u00bb.<\/p>\n<p>Es su rueda de prensa 111 de la actual legislatura. Rajoy hab\u00eda comenzado por explicar las l\u00edneas generales de los Presupuestos y ha asegurado que \u00abla recuperaci\u00f3n llega cada vez a m\u00e1s gente y nos congratula\u00bb. Luego ha a\u00f1adido: \u00abQueremos revertir poco a poco los esfuerzos que pedimos a los ciudadanos\u00bb. Y ha recordado que con estas cuentas \u00abse cierra un periodo dificil\u00edsimo\u00bb en el que Espa\u00f1a ha pasado ser el pa\u00eds de nuestro entorno que m\u00e1s paro creaba a ser ahora el que m\u00e1s empleo genera. El presidente del Gobierno ha confirmado que las pensiones subir\u00e1n un 0,25%. \u00abPero a\u00fan necesitamos muchos m\u00e1s cotizantes en el pa\u00eds\u00bb, ha dicho.<\/p>\n<p>\u00abLo que quiero subrayar es que hoy las cosas est\u00e1n mucho mejor, que los espa\u00f1oles podemos mirar al futuro con m\u00e1s seguridad y m\u00e1s optimismo que antes\u00bb, ha asegurado Rajoy. Antes de pasar a otros asuntos, el presidente ha expresado \u00absus dudas\u00bb sobre las posiciones que defiende el l\u00edder del PSOE, Pedro S\u00e1nchez, tanto sobre el problema catal\u00e1n como sobre las recetas econ\u00f3micas para Espa\u00f1a. Sobre la posibilidad de un pacto poselectoral, en Catalu\u00f1a o en Espa\u00f1a, con el PSOE, Rajoy confi\u00f3 en que todos los partidos constitucionalistas al final lleguen a acuerdos y en el \u00e1mbito nacional se mostr\u00f3 a favor de ser \u00abrazonable\u00bb y previsible sobre el tipo de alianzas que podr\u00eda llegar a fraguar cuando se sepan los \u00abn\u00fameros\u00bb y fuerzas de cada uno tras las elecciones. Rajoy no quiso anunciar a\u00fan la fecha de las elecciones generales pero reiter\u00f3 que ser\u00e1n a finales de a\u00f1o y las fijar\u00e1 cuando sepa el momento y tras hablar con el Rey.<\/p>\n<p>El presidente ha alertado tambi\u00e9n del \u00abriesgo\u00bb que supone la situaci\u00f3n de Grecia y un posible contagio a Espa\u00f1a. \u00abLos gobernantes estamos para resolver problemas, no para crearlos. Y una forma de crearlos es prometer a la gente cosas imposibles. Hace seis meses Grecia crec\u00eda, generaba empleo e iba a pagar su deuda. Voy a trabajar para que aqu\u00ed no ocurra nada semejante\u00bb, declara Rajoy.<\/p>\n","protected":false},"excerpt":{"rendered":"<p>El presidente del Gobierno, Mariano Rajoy, ha comparecido en el Palacio de la Moncloa para hacer balance del curso pol\u00edtico y ha lanzado un mensaje de firmeza a Artur Mas asegurando que \u00abCatalu\u00f1a no ser\u00e1 independiente de ninguna manera\u00bb y ha defendido los Presupuestos aprobados hoy para que sirvan para \u00abresarcir de los sacrificios poco [&hellip;]<\/p>\n","protected":false},"author":3,"featured_media":18662,"comment_status":"open","ping_status":"open","sticky":false,"template":"","format":"standard","meta":{"footnotes":""},"categories":[85,43],"tags":[],"class_list":["post-18661","post","type-post","status-publish","format-standard","has-post-thumbnail","hentry","category-espana","category-politica"],"_links":{"self":[{"href":"https:\/\/2horizontes.com\/index.php?rest_route=\/wp\/v2\/posts\/18661","targetHints":{"allow":["GET"]}}],"collection":[{"href":"https:\/\/2horizontes.com\/index.php?rest_route=\/wp\/v2\/posts"}],"about":[{"href":"https:\/\/2horizontes.com\/index.php?rest_route=\/wp\/v2\/types\/post"}],"author":[{"embeddable":true,"href":"https:\/\/2horizontes.com\/index.php?rest_route=\/wp\/v2\/users\/3"}],"replies":[{"embeddable":true,"href":"https:\/\/2horizontes.com\/index.php?rest_route=%2Fwp%2Fv2%2Fcomments&post=18661"}],"version-history":[{"count":2,"href":"https:\/\/2horizontes.com\/index.php?rest_route=\/wp\/v2\/posts\/18661\/revisions"}],"predecessor-version":[{"id":18664,"href":"https:\/\/2horizontes.com\/index.php?rest_route=\/wp\/v2\/posts\/18661\/revisions\/18664"}],"wp:featuredmedia":[{"embeddable":true,"href":"https:\/\/2horizontes.com\/index.php?rest_route=\/wp\/v2\/media\/18662"}],"wp:attachment":[{"href":"https:\/\/2horizontes.com\/index.php?rest_route=%2Fwp%2Fv2%2Fmedia&parent=18661"}],"wp:term":[{"taxonomy":"category","embeddable":true,"href":"https:\/\/2horizontes.com\/index.php?rest_route=%2Fwp%2Fv2%2Fcategories&post=18661"},{"taxonomy":"post_tag","embeddable":true,"href":"https:\/\/2horizontes.com\/index.php?rest_route=%2Fwp%2Fv2%2Ftags&post=18661"}],"curies":[{"name":"wp","href":"https:\/\/api.w.org\/{rel}","templated":true}]}}