{"id":18658,"date":"2015-07-31T16:54:00","date_gmt":"2015-07-31T15:54:00","guid":{"rendered":"http:\/\/2horizontes.com\/?p=18658"},"modified":"2015-07-31T16:54:00","modified_gmt":"2015-07-31T15:54:00","slug":"casillas-queria-salir-de-espana","status":"publish","type":"post","link":"https:\/\/2horizontes.com\/?p=18658","title":{"rendered":"Casillas Quer\u00eda salir de Espa\u00f1a"},"content":{"rendered":"<p>Iker Casillas reconoci\u00f3 que en su decisi\u00f3n de fichar por el Oporto influy\u00f3 la proximidad que mantiene con Julen Lopetegui, con quien coincidi\u00f3 en Valdebebas cuando el t\u00e9cnico vasco dirig\u00eda al Real Madrid Castilla.<\/p>\n<p>En una entrevista otorgada a la revista oficial del club, \u00abDrag\u00f5es\u00bb, Casillas reconoci\u00f3 que se decidi\u00f3 por el Oporto \u00abprincipalmente por la confianza y la proximidad que ten\u00eda con Julen Lopetegui\u00bb. \u00abTen\u00eda algunas ofertas, no eran las que m\u00e1s me atra\u00edan y tambi\u00e9n quer\u00eda salir de Espa\u00f1a. Firmar por el Oporto fue una forma de dejar de lado mi pasado madridista en Espa\u00f1a y poder dedicarme a un club fuera de mi pa\u00eds pero relativamente pr\u00f3ximo\u00bb, explic\u00f3 el capit\u00e1n de la selecci\u00f3n espa\u00f1ola.<\/p>\n<p>Casillas, que protagoniza la portada de esta revista, coment\u00f3 que en las \u00faltimas temporadas se ha visto a un Oporto campe\u00f3n, lo que tambi\u00e9n influy\u00f3 en su decisi\u00f3n. \u00abEso da m\u00e1s nombre y prestigio, por eso este club me atrajo. Aqu\u00ed puedo continuar unido a un equipo muy importante y desarrollar mi juego\u00bb, dijo.<\/p>\n<p>El guardameta madrile\u00f1o, uno de los fichajes con los que el club luso quiere poner fin a una segu\u00eda de trofeos de dos temporadas, consider\u00f3 que \u00abun club como el Oporto tiene que conseguir t\u00edtulos todos los a\u00f1os\u00bb. \u00abTrabajaremos para eso, para intentar conquistar t\u00edtulos en Portugal, tanto en la Liga como en la Copa y en la Copa de la Liga. En las competiciones europeas queremos llegar lo m\u00e1s lejos posible y aspirar al m\u00e1ximo\u00bb, coment\u00f3.<\/p>\n","protected":false},"excerpt":{"rendered":"<p>Iker Casillas reconoci\u00f3 que en su decisi\u00f3n de fichar por el Oporto influy\u00f3 la proximidad que mantiene con Julen Lopetegui, con quien coincidi\u00f3 en Valdebebas cuando el t\u00e9cnico vasco dirig\u00eda al Real Madrid Castilla. En una entrevista otorgada a la revista oficial del club, \u00abDrag\u00f5es\u00bb, Casillas reconoci\u00f3 que se decidi\u00f3 por el Oporto \u00abprincipalmente por [&hellip;]<\/p>\n","protected":false},"author":3,"featured_media":18659,"comment_status":"open","ping_status":"open","sticky":false,"template":"","format":"standard","meta":{"footnotes":""},"categories":[42,85],"tags":[],"class_list":["post-18658","post","type-post","status-publish","format-standard","has-post-thumbnail","hentry","category-deportes","category-espana"],"_links":{"self":[{"href":"https:\/\/2horizontes.com\/index.php?rest_route=\/wp\/v2\/posts\/18658","targetHints":{"allow":["GET"]}}],"collection":[{"href":"https:\/\/2horizontes.com\/index.php?rest_route=\/wp\/v2\/posts"}],"about":[{"href":"https:\/\/2horizontes.com\/index.php?rest_route=\/wp\/v2\/types\/post"}],"author":[{"embeddable":true,"href":"https:\/\/2horizontes.com\/index.php?rest_route=\/wp\/v2\/users\/3"}],"replies":[{"embeddable":true,"href":"https:\/\/2horizontes.com\/index.php?rest_route=%2Fwp%2Fv2%2Fcomments&post=18658"}],"version-history":[{"count":1,"href":"https:\/\/2horizontes.com\/index.php?rest_route=\/wp\/v2\/posts\/18658\/revisions"}],"predecessor-version":[{"id":18660,"href":"https:\/\/2horizontes.com\/index.php?rest_route=\/wp\/v2\/posts\/18658\/revisions\/18660"}],"wp:featuredmedia":[{"embeddable":true,"href":"https:\/\/2horizontes.com\/index.php?rest_route=\/wp\/v2\/media\/18659"}],"wp:attachment":[{"href":"https:\/\/2horizontes.com\/index.php?rest_route=%2Fwp%2Fv2%2Fmedia&parent=18658"}],"wp:term":[{"taxonomy":"category","embeddable":true,"href":"https:\/\/2horizontes.com\/index.php?rest_route=%2Fwp%2Fv2%2Fcategories&post=18658"},{"taxonomy":"post_tag","embeddable":true,"href":"https:\/\/2horizontes.com\/index.php?rest_route=%2Fwp%2Fv2%2Ftags&post=18658"}],"curies":[{"name":"wp","href":"https:\/\/api.w.org\/{rel}","templated":true}]}}