{"id":18528,"date":"2015-07-30T17:08:47","date_gmt":"2015-07-30T16:08:47","guid":{"rendered":"http:\/\/2horizontes.com\/?p=18528"},"modified":"2015-07-30T17:08:47","modified_gmt":"2015-07-30T16:08:47","slug":"hija-de-multimillonario-siegel-murio-por-sobredosis","status":"publish","type":"post","link":"https:\/\/2horizontes.com\/?p=18528","title":{"rendered":"Hija de multimillonario Siegel muri\u00f3 por sobredosis"},"content":{"rendered":"<p>Victoria Siegel, de 18 a\u00f1os, hija del matrimonio de David y Jackie Siegel, propietarios de la mayor mansi\u00f3n familiar en EE.UU., muri\u00f3 \u00abaccidentalmente\u00bb debido a una sobredosis con dos medicinas de prescripci\u00f3n m\u00e9dica, informaron hoy medios locales.<\/p>\n<p>Siegel, quien luchaba contra su adicci\u00f3n a barbit\u00faricos de prescripci\u00f3n m\u00e9dica, fue hallada muerta el pasado 6 de junio en dicha mansi\u00f3n de Orlando, en el centro de Florida.<\/p>\n<p>Los resultados de la autopsia, a cargo del forense de los condados Orange Osceola, determinaron que la muerte fue \u00abaccidental\u00bb debido al consumo de \u00abla aguda metadona y la toxicidad de la sertralina\u00bb, report\u00f3 hoy el diario Orlando Sentinel.<\/p>\n<p>Seg\u00fan el informe, la muerte se produjo por \u00abel nivel de los medicamentos, en lugar de una reacci\u00f3n de la mezcla de ambos\u00bb.<\/p>\n<p>La cantidad de drogas que ella ingiri\u00f3 probablemente condujo a problemas respiratorios, l\u00edquido en los pulmones e insuficiencia card\u00edaca\u00bb, concluy\u00f3 la oficina.<\/p>\n<p>Sin embargo, los abogados de la familia Siegel se\u00f1alaron que la joven \u00abno ten\u00eda prescripci\u00f3n para ninguno de esos medicamentos\u00bb.<\/p>\n<p>No est\u00e1 claro, sin embargo, d\u00f3nde obtuvo los medicamentos. Su familia cree que puede haberlos recibido de alguien que conoci\u00f3 durante un programa de rehabilitaci\u00f3n voluntaria complet\u00f3 un mes antes de su muerte, report\u00f3 el diario.<\/p>\n<p>La metadona es prescrita como analg\u00e9sico, mientras que la sertralina es principalmente para la depresi\u00f3n y el trastorno obsesivo-compulsivo, trastorno de p\u00e1nico y fobia social.<\/p>\n","protected":false},"excerpt":{"rendered":"<p>Victoria Siegel, de 18 a\u00f1os, hija del matrimonio de David y Jackie Siegel, propietarios de la mayor mansi\u00f3n familiar en EE.UU., muri\u00f3 \u00abaccidentalmente\u00bb debido a una sobredosis con dos medicinas de prescripci\u00f3n m\u00e9dica, informaron hoy medios locales. Siegel, quien luchaba contra su adicci\u00f3n a barbit\u00faricos de prescripci\u00f3n m\u00e9dica, fue hallada muerta el pasado 6 de [&hellip;]<\/p>\n","protected":false},"author":3,"featured_media":18529,"comment_status":"open","ping_status":"open","sticky":false,"template":"","format":"standard","meta":{"footnotes":""},"categories":[40],"tags":[],"class_list":["post-18528","post","type-post","status-publish","format-standard","has-post-thumbnail","hentry","category-internacionales"],"_links":{"self":[{"href":"https:\/\/2horizontes.com\/index.php?rest_route=\/wp\/v2\/posts\/18528","targetHints":{"allow":["GET"]}}],"collection":[{"href":"https:\/\/2horizontes.com\/index.php?rest_route=\/wp\/v2\/posts"}],"about":[{"href":"https:\/\/2horizontes.com\/index.php?rest_route=\/wp\/v2\/types\/post"}],"author":[{"embeddable":true,"href":"https:\/\/2horizontes.com\/index.php?rest_route=\/wp\/v2\/users\/3"}],"replies":[{"embeddable":true,"href":"https:\/\/2horizontes.com\/index.php?rest_route=%2Fwp%2Fv2%2Fcomments&post=18528"}],"version-history":[{"count":1,"href":"https:\/\/2horizontes.com\/index.php?rest_route=\/wp\/v2\/posts\/18528\/revisions"}],"predecessor-version":[{"id":18530,"href":"https:\/\/2horizontes.com\/index.php?rest_route=\/wp\/v2\/posts\/18528\/revisions\/18530"}],"wp:featuredmedia":[{"embeddable":true,"href":"https:\/\/2horizontes.com\/index.php?rest_route=\/wp\/v2\/media\/18529"}],"wp:attachment":[{"href":"https:\/\/2horizontes.com\/index.php?rest_route=%2Fwp%2Fv2%2Fmedia&parent=18528"}],"wp:term":[{"taxonomy":"category","embeddable":true,"href":"https:\/\/2horizontes.com\/index.php?rest_route=%2Fwp%2Fv2%2Fcategories&post=18528"},{"taxonomy":"post_tag","embeddable":true,"href":"https:\/\/2horizontes.com\/index.php?rest_route=%2Fwp%2Fv2%2Ftags&post=18528"}],"curies":[{"name":"wp","href":"https:\/\/api.w.org\/{rel}","templated":true}]}}