{"id":18527,"date":"2015-07-30T17:12:09","date_gmt":"2015-07-30T16:12:09","guid":{"rendered":"http:\/\/2horizontes.com\/?p=18527"},"modified":"2015-07-30T17:12:09","modified_gmt":"2015-07-30T16:12:09","slug":"alcaldia-los-alcarrizos-realiza-campamento-infantil-tio-junior","status":"publish","type":"post","link":"https:\/\/2horizontes.com\/?p=18527","title":{"rendered":"Alcaldia Los Alcarrizos realiza campamento Infantil Tio Junior"},"content":{"rendered":"<p>RD- SANTO DOMINGO-Con la finalidad de incentivar el deseo de superaci\u00f3n a los infantes que cada a\u00f1os pasan de cursos, La Alcaldia municipal de Los Alcarrizos realiz\u00f3 su tradicional campamento infantil de verano, \u00abT\u00edo J\u00fanior\u00bb, donde m\u00e1s de 3 mil de ni\u00f1os \u00a0participaron durante tres d\u00edas y disfrutaron de un ambiente recreativo y divertido bajo una tendencia educativa.<\/p>\n<p>El evento, realizado el patio de la parroquia San Antonio de Padua, ubicado en la calle del mismo nombre, del sector Alcarrizos Viejo, cont\u00f3 con la presencia del ejecutivo municipal, Danilo Rafael Santos (J\u00fanior), quien dijo sentirse satisfecho de compartir con los ni\u00f1os.<\/p>\n<p>Indic\u00f3 que la actividad se desarroll\u00f3 con el prop\u00f3sito de ofrecer un curso de verano en el que los ni\u00f1os encontrasen diversi\u00f3n y entretenimiento, al tiempo de fomentar la cultura, la conservaci\u00f3n y cuidado del medio ambiente, a trav\u00e9s de la pr\u00e1ctica de actividades deportivas, c\u00edvicas y art\u00edsticas.<\/p>\n<p>Dijo que se atenderieron menores entre las edades de 6 a 12 a\u00f1os, dividido en cuatro grupos que abordaron diferentes temas y \u00a0talleres como fueronson: identidad poblacional, ciudadan\u00eda y valores sociales, poblaci\u00f3n limpia a tiempo y ecolog\u00eda, salud, adem\u00e1s de promover en los menores una cultura del uso adecuado del tiempo libre.<\/p>\n<p>&nbsp;<\/p>\n","protected":false},"excerpt":{"rendered":"<p>RD- SANTO DOMINGO-Con la finalidad de incentivar el deseo de superaci\u00f3n a los infantes que cada a\u00f1os pasan de cursos, La Alcaldia municipal de Los Alcarrizos realiz\u00f3 su tradicional campamento infantil de verano, \u00abT\u00edo J\u00fanior\u00bb, donde m\u00e1s de 3 mil de ni\u00f1os \u00a0participaron durante tres d\u00edas y disfrutaron de un ambiente recreativo y divertido bajo [&hellip;]<\/p>\n","protected":false},"author":8,"featured_media":18531,"comment_status":"open","ping_status":"open","sticky":false,"template":"","format":"standard","meta":{"footnotes":""},"categories":[1,43,44],"tags":[],"class_list":["post-18527","post","type-post","status-publish","format-standard","has-post-thumbnail","hentry","category-entretenimiento","category-politica","category-republica-dominicana"],"_links":{"self":[{"href":"https:\/\/2horizontes.com\/index.php?rest_route=\/wp\/v2\/posts\/18527","targetHints":{"allow":["GET"]}}],"collection":[{"href":"https:\/\/2horizontes.com\/index.php?rest_route=\/wp\/v2\/posts"}],"about":[{"href":"https:\/\/2horizontes.com\/index.php?rest_route=\/wp\/v2\/types\/post"}],"author":[{"embeddable":true,"href":"https:\/\/2horizontes.com\/index.php?rest_route=\/wp\/v2\/users\/8"}],"replies":[{"embeddable":true,"href":"https:\/\/2horizontes.com\/index.php?rest_route=%2Fwp%2Fv2%2Fcomments&post=18527"}],"version-history":[{"count":1,"href":"https:\/\/2horizontes.com\/index.php?rest_route=\/wp\/v2\/posts\/18527\/revisions"}],"predecessor-version":[{"id":18533,"href":"https:\/\/2horizontes.com\/index.php?rest_route=\/wp\/v2\/posts\/18527\/revisions\/18533"}],"wp:featuredmedia":[{"embeddable":true,"href":"https:\/\/2horizontes.com\/index.php?rest_route=\/wp\/v2\/media\/18531"}],"wp:attachment":[{"href":"https:\/\/2horizontes.com\/index.php?rest_route=%2Fwp%2Fv2%2Fmedia&parent=18527"}],"wp:term":[{"taxonomy":"category","embeddable":true,"href":"https:\/\/2horizontes.com\/index.php?rest_route=%2Fwp%2Fv2%2Fcategories&post=18527"},{"taxonomy":"post_tag","embeddable":true,"href":"https:\/\/2horizontes.com\/index.php?rest_route=%2Fwp%2Fv2%2Ftags&post=18527"}],"curies":[{"name":"wp","href":"https:\/\/api.w.org\/{rel}","templated":true}]}}