{"id":18521,"date":"2015-07-30T17:06:11","date_gmt":"2015-07-30T16:06:11","guid":{"rendered":"http:\/\/2horizontes.com\/?p=18521"},"modified":"2015-07-30T17:06:11","modified_gmt":"2015-07-30T16:06:11","slug":"ibelka-ulerio-ya-no-trabaja-en-aqui-se-habla-espanol","status":"publish","type":"post","link":"https:\/\/2horizontes.com\/?p=18521","title":{"rendered":"Ibelka Ulerio ya no trabaja en \u00abAqu\u00ed se habla espa\u00f1ol\u00bb"},"content":{"rendered":"<p>RD- SANTO DOMINGO-La presentadora de televisi\u00f3n Ibelka Ulerio ya no pertenece\u00a0 al equipo de animaci\u00f3n del programa \u201cAqu\u00ed se habla Espa\u00f1ol\u201d, que se transmite por un canal nacional y que \u00a0tiene al venezolano Daniel Sarcos como figura principal.<\/p>\n<p>La informaci\u00f3n le fue confirmada al editor de espect\u00e1culos del programa \u201cFamosos Inside\u201d, Samir Saba, por la productora del programa Geisha Rivas,\u00a0 quien se\u00f1al\u00f3 que esta decisi\u00f3n deriva de un mutuo acuerdo.<\/p>\n<p>Seg\u00fan Rivas, para\u00a0 esta fecha vence el contrato de la presentadora y no ser\u00e1 renovado hasta que no terminen las investigaciones con relaci\u00f3n a su esposo Luis Viloria, quien est\u00e1 preso como medida de coerci\u00f3n. Lo mismo se especula pasar\u00e1 con todos los programas en los que participa Ulerio.<\/p>\n<p>Recientemente el esposo de la conductora, Gabriel Viloria, fue sometido a la Justicia acusado de pertenecer a una supuesta banda que habr\u00eda sustra\u00eddo alrededor de 100 millones de pesos de tarjetas de cr\u00e9dito clonadas.<\/p>\n<p>\u201cAqu\u00ed se habla Espa\u00f1ol\u201d \u00a0hab\u00eda contado con la participaci\u00f3n de Ulerio desde sus inicios y est\u00e1 a pocos d\u00edas de cumplir cinco a\u00f1os al aire transmiti\u00e9ndose todos los domingos desde las 12:00 del mediod\u00eda.<\/p>\n","protected":false},"excerpt":{"rendered":"<p>RD- SANTO DOMINGO-La presentadora de televisi\u00f3n Ibelka Ulerio ya no pertenece\u00a0 al equipo de animaci\u00f3n del programa \u201cAqu\u00ed se habla Espa\u00f1ol\u201d, que se transmite por un canal nacional y que \u00a0tiene al venezolano Daniel Sarcos como figura principal. La informaci\u00f3n le fue confirmada al editor de espect\u00e1culos del programa \u201cFamosos Inside\u201d, Samir Saba, por la [&hellip;]<\/p>\n","protected":false},"author":8,"featured_media":18525,"comment_status":"open","ping_status":"open","sticky":false,"template":"","format":"standard","meta":{"footnotes":""},"categories":[1,44],"tags":[],"class_list":["post-18521","post","type-post","status-publish","format-standard","has-post-thumbnail","hentry","category-entretenimiento","category-republica-dominicana"],"_links":{"self":[{"href":"https:\/\/2horizontes.com\/index.php?rest_route=\/wp\/v2\/posts\/18521","targetHints":{"allow":["GET"]}}],"collection":[{"href":"https:\/\/2horizontes.com\/index.php?rest_route=\/wp\/v2\/posts"}],"about":[{"href":"https:\/\/2horizontes.com\/index.php?rest_route=\/wp\/v2\/types\/post"}],"author":[{"embeddable":true,"href":"https:\/\/2horizontes.com\/index.php?rest_route=\/wp\/v2\/users\/8"}],"replies":[{"embeddable":true,"href":"https:\/\/2horizontes.com\/index.php?rest_route=%2Fwp%2Fv2%2Fcomments&post=18521"}],"version-history":[{"count":1,"href":"https:\/\/2horizontes.com\/index.php?rest_route=\/wp\/v2\/posts\/18521\/revisions"}],"predecessor-version":[{"id":18526,"href":"https:\/\/2horizontes.com\/index.php?rest_route=\/wp\/v2\/posts\/18521\/revisions\/18526"}],"wp:featuredmedia":[{"embeddable":true,"href":"https:\/\/2horizontes.com\/index.php?rest_route=\/wp\/v2\/media\/18525"}],"wp:attachment":[{"href":"https:\/\/2horizontes.com\/index.php?rest_route=%2Fwp%2Fv2%2Fmedia&parent=18521"}],"wp:term":[{"taxonomy":"category","embeddable":true,"href":"https:\/\/2horizontes.com\/index.php?rest_route=%2Fwp%2Fv2%2Fcategories&post=18521"},{"taxonomy":"post_tag","embeddable":true,"href":"https:\/\/2horizontes.com\/index.php?rest_route=%2Fwp%2Fv2%2Ftags&post=18521"}],"curies":[{"name":"wp","href":"https:\/\/api.w.org\/{rel}","templated":true}]}}