{"id":1851,"date":"2014-09-10T13:08:30","date_gmt":"2014-09-10T13:08:30","guid":{"rendered":"http:\/\/2horizontes.com\/?p=1851"},"modified":"2014-09-10T13:33:32","modified_gmt":"2014-09-10T13:33:32","slug":"brutalidad-policiaca-contra-hispano","status":"publish","type":"post","link":"https:\/\/2horizontes.com\/?p=1851","title":{"rendered":"Brutalidad policiaca contra hispano"},"content":{"rendered":"<p><a href=\"http:\/\/2horizontes.com\/wp-content\/uploads\/2014\/09\/poli.jpg\"><img loading=\"lazy\" decoding=\"async\" src=\"http:\/\/2horizontes.com\/wp-content\/uploads\/2014\/09\/poli-300x217.jpg\" alt=\"poli\" width=\"300\" height=\"217\" class=\"alignleft size-medium wp-image-1852\" srcset=\"https:\/\/2horizontes.com\/wp-content\/uploads\/2014\/09\/poli-300x217.jpg 300w, https:\/\/2horizontes.com\/wp-content\/uploads\/2014\/09\/poli.jpg 489w\" sizes=\"auto, (max-width: 300px) 100vw, 300px\" \/><\/a><\/p>\n<p>NUEVA YORK.- La Polic\u00eda investiga un incidente en el que varios de sus agentes golpearon a un joven en El Bronx cuando proced\u00edan a arrestarlo.<br \/>\nSantiago Hern\u00e1ndez, de 23 a\u00f1os, denunci\u00f3 en una entrevista con el canal ABC-7 que dos polic\u00edas lo atacaron cuando llegaron al barrio tras recibir un queja por ruido el pasado 18 de agosto.<br \/>\nEn el video, mostrado por el canal, se puede ver c\u00f3mo dos polic\u00edas examinan a Hernandez, sin que \u00e9ste oponga resistencia.<br \/>\nUna vez registrado, Hern\u00e1ndez se sienta en las escaleras y una de las polic\u00edas le pone las esposas en una de sus manos y trata de doblarle el brazo y de coloc\u00e1rselo detr\u00e1s de la espalda, a lo que el joven se niega.<br \/>\n \u00ab&#8216;Se\u00f1ora, \u00bfqu\u00e9 est\u00e1 haciendo? Me hacen da\u00f1o'\u00bb, protest\u00f3 Hern\u00e1ndez, a lo que la agente -seg\u00fan el relato del joven- le repuso que se limitara a poner su mano detr\u00e1s de la espalda. \u00abEntonces yo le dije: &#8216;Trato de entender por qu\u00e9 me arrestan? \u00bfMe lo podr\u00edan decir?'\u00bb, declar\u00f3 el joven a la cadena.<br \/>\nPronto lleg\u00f3 otro grupo de polic\u00edas que empez\u00f3 a golpear a Hern\u00e1ndez, uno tras otro, e incluso usaron gases lacrim\u00f3genas contra \u00e9l. Seg\u00fan se desprende de documentos de la corte obtenidos por la cadena News12, Hern\u00e1ndez fue acusado de resistencia a las autoridades y supuesta posesi\u00f3n de marihuana sint\u00e9tica.<br \/>\nSin embargo, el abogado de Hern\u00e1ndez Jay Heinrich dijo a la emisora que los cargos fueron retirados m\u00e1s tarde. \u00abSoy una persona de hacer preguntas, y si yo no hice nada malo, trato de entender la raz\u00f3n, qu\u00e9 piensan de m\u00ed o cu\u00e1l es el motivo para detenerme\u00bb, dijo Hern\u00e1ndez.<br \/>\n \u00abPor desgracia, para los hombres j\u00f3venes como Santiago, creo que este tipo de incidente es demasiado com\u00fan\u00bb, dijo el abogado del joven.<br \/>\n Fuente: RT<\/p>\n","protected":false},"excerpt":{"rendered":"<p>NUEVA YORK.- La Polic\u00eda investiga un incidente en el que varios de sus agentes golpearon a un joven en El Bronx cuando proced\u00edan a arrestarlo. Santiago Hern\u00e1ndez, de 23 a\u00f1os, denunci\u00f3 en una entrevista con el canal ABC-7 que dos polic\u00edas lo atacaron cuando llegaron al barrio tras recibir un queja por ruido el pasado [&hellip;]<\/p>\n","protected":false},"author":1,"featured_media":0,"comment_status":"open","ping_status":"open","sticky":false,"template":"","format":"standard","meta":{"footnotes":""},"categories":[1],"tags":[],"class_list":["post-1851","post","type-post","status-publish","format-standard","hentry","category-entretenimiento"],"_links":{"self":[{"href":"https:\/\/2horizontes.com\/index.php?rest_route=\/wp\/v2\/posts\/1851","targetHints":{"allow":["GET"]}}],"collection":[{"href":"https:\/\/2horizontes.com\/index.php?rest_route=\/wp\/v2\/posts"}],"about":[{"href":"https:\/\/2horizontes.com\/index.php?rest_route=\/wp\/v2\/types\/post"}],"author":[{"embeddable":true,"href":"https:\/\/2horizontes.com\/index.php?rest_route=\/wp\/v2\/users\/1"}],"replies":[{"embeddable":true,"href":"https:\/\/2horizontes.com\/index.php?rest_route=%2Fwp%2Fv2%2Fcomments&post=1851"}],"version-history":[{"count":2,"href":"https:\/\/2horizontes.com\/index.php?rest_route=\/wp\/v2\/posts\/1851\/revisions"}],"predecessor-version":[{"id":1859,"href":"https:\/\/2horizontes.com\/index.php?rest_route=\/wp\/v2\/posts\/1851\/revisions\/1859"}],"wp:attachment":[{"href":"https:\/\/2horizontes.com\/index.php?rest_route=%2Fwp%2Fv2%2Fmedia&parent=1851"}],"wp:term":[{"taxonomy":"category","embeddable":true,"href":"https:\/\/2horizontes.com\/index.php?rest_route=%2Fwp%2Fv2%2Fcategories&post=1851"},{"taxonomy":"post_tag","embeddable":true,"href":"https:\/\/2horizontes.com\/index.php?rest_route=%2Fwp%2Fv2%2Ftags&post=1851"}],"curies":[{"name":"wp","href":"https:\/\/api.w.org\/{rel}","templated":true}]}}