{"id":18501,"date":"2015-07-30T16:47:03","date_gmt":"2015-07-30T15:47:03","guid":{"rendered":"http:\/\/2horizontes.com\/?p=18501"},"modified":"2015-07-30T16:47:03","modified_gmt":"2015-07-30T15:47:03","slug":"comienza-el-primer-campamento-de-verano-para-menores-transexuales","status":"publish","type":"post","link":"https:\/\/2horizontes.com\/?p=18501","title":{"rendered":"Comienza el primer campamento de verano para menores transexuales"},"content":{"rendered":"<p>De todos los apartados del Colectivo LGTB que conocemos sin duda el que respecta a los transexuales es el que m\u00e1s discriminaci\u00f3n sufre en el entorno. Si a esta afirmaci\u00f3n le a\u00f1adimos que esos chicos y chicas sean menores el impacto es mucho mayor. Seg\u00fan los datos que se han recogido a base de puras estad\u00edsticas al menos el 90% de los ni\u00f1os trans sufren acoso, agresiones, humillaci\u00f3n o discriminaci\u00f3n en alg\u00fan momento de su vida y esto sin duda, dificulta bastante el desarrollo feliz del peque\u00f1o\/a.<\/p>\n<p>La Fundaci\u00f3n Daniela est\u00e1 completamente sensibilizada con los transexuales y ha querido exponer una nueva iniciativa que sin duda pegar\u00e1 fuerte all\u00ed d\u00f3nde se presente y es que tenemos con nosotros el primer campamento para ni\u00f1os trans de entre 8 y 18 a\u00f1os.<\/p>\n<p>Son muchos los casos de ni\u00f1os transexuales que nos hemos encontrado en nuestro pa\u00eds teniendo algunos m\u00e1s suerte que otros por ello, con este campamento se espera que todos puedan estar c\u00f3modos y sin tener ese miedo porque lo discriminen sino que m\u00e1s bien, puedan jugar alegremente y relacionarse con los dem\u00e1s.<\/p>\n<p>De alguna manera, resulta bastante triste que se tengan que hacer estas cosas puesto que estamos con ello asegurando que la discriminaci\u00f3n de las personas transexuales sigue siendo una realidad aplastante a todos los efectos. No obstante, deseamos la mayor suerte para este nuevo proyecto que se inicia con 30 ni\u00f1os transexuales de toda Espa\u00f1a.<\/p>\n","protected":false},"excerpt":{"rendered":"<p>De todos los apartados del Colectivo LGTB que conocemos sin duda el que respecta a los transexuales es el que m\u00e1s discriminaci\u00f3n sufre en el entorno. Si a esta afirmaci\u00f3n le a\u00f1adimos que esos chicos y chicas sean menores el impacto es mucho mayor. Seg\u00fan los datos que se han recogido a base de puras [&hellip;]<\/p>\n","protected":false},"author":3,"featured_media":18505,"comment_status":"open","ping_status":"open","sticky":false,"template":"","format":"standard","meta":{"footnotes":""},"categories":[57],"tags":[],"class_list":["post-18501","post","type-post","status-publish","format-standard","has-post-thumbnail","hentry","category-mundo-gay"],"_links":{"self":[{"href":"https:\/\/2horizontes.com\/index.php?rest_route=\/wp\/v2\/posts\/18501","targetHints":{"allow":["GET"]}}],"collection":[{"href":"https:\/\/2horizontes.com\/index.php?rest_route=\/wp\/v2\/posts"}],"about":[{"href":"https:\/\/2horizontes.com\/index.php?rest_route=\/wp\/v2\/types\/post"}],"author":[{"embeddable":true,"href":"https:\/\/2horizontes.com\/index.php?rest_route=\/wp\/v2\/users\/3"}],"replies":[{"embeddable":true,"href":"https:\/\/2horizontes.com\/index.php?rest_route=%2Fwp%2Fv2%2Fcomments&post=18501"}],"version-history":[{"count":1,"href":"https:\/\/2horizontes.com\/index.php?rest_route=\/wp\/v2\/posts\/18501\/revisions"}],"predecessor-version":[{"id":18506,"href":"https:\/\/2horizontes.com\/index.php?rest_route=\/wp\/v2\/posts\/18501\/revisions\/18506"}],"wp:featuredmedia":[{"embeddable":true,"href":"https:\/\/2horizontes.com\/index.php?rest_route=\/wp\/v2\/media\/18505"}],"wp:attachment":[{"href":"https:\/\/2horizontes.com\/index.php?rest_route=%2Fwp%2Fv2%2Fmedia&parent=18501"}],"wp:term":[{"taxonomy":"category","embeddable":true,"href":"https:\/\/2horizontes.com\/index.php?rest_route=%2Fwp%2Fv2%2Fcategories&post=18501"},{"taxonomy":"post_tag","embeddable":true,"href":"https:\/\/2horizontes.com\/index.php?rest_route=%2Fwp%2Fv2%2Ftags&post=18501"}],"curies":[{"name":"wp","href":"https:\/\/api.w.org\/{rel}","templated":true}]}}