{"id":18492,"date":"2015-07-30T16:40:13","date_gmt":"2015-07-30T15:40:13","guid":{"rendered":"http:\/\/2horizontes.com\/?p=18492"},"modified":"2015-07-30T16:40:13","modified_gmt":"2015-07-30T15:40:13","slug":"la-policia-identifica-a-uno-de-los-asaltantes-de-sucursal-bancaria-y-le-pide-que-se-entregue","status":"publish","type":"post","link":"https:\/\/2horizontes.com\/?p=18492","title":{"rendered":"La Polic\u00eda identifica a uno de los asaltantes de sucursal bancaria y le pide que se entregue"},"content":{"rendered":"<p>RD- SANTO DOMINGO-El vocero de la Polic\u00eda, Jacobo Mateo Moquete identific\u00f3 a Jos\u00e9 Manuel Dotel Recio, como uno de los implicados en el asalto a la sucursal del Banco del Progreso, en la avenida Sabana Larga, de donde sustrajeron 600 mil pesos.<\/p>\n<p>Explic\u00f3 que analizan los videos para intenta identificar a los otros dos asaltantes, quienes usaban cascos protectores.<\/p>\n<p>Mateo Moquete exhort\u00f3 a Dotel Recio a entregarse por la v\u00eda que entienda pertinente y \u201csugiri\u00f3\u201d que no enfrente a la Polic\u00eda cuando lo intercepte.<\/p>\n<p>En otro orden, reiter\u00f3 que\u00a0 el pa\u00eds est\u00e1 en alerta roja\u00a0 por la fuga del capo mexicano, Joaqu\u00edn Guzm\u00e1n Loera \u201cEl Chapo\u201d, al igual que otras naciones que est\u00e1n afiliadas a la Interpol.<\/p>\n","protected":false},"excerpt":{"rendered":"<p>RD- SANTO DOMINGO-El vocero de la Polic\u00eda, Jacobo Mateo Moquete identific\u00f3 a Jos\u00e9 Manuel Dotel Recio, como uno de los implicados en el asalto a la sucursal del Banco del Progreso, en la avenida Sabana Larga, de donde sustrajeron 600 mil pesos. Explic\u00f3 que analizan los videos para intenta identificar a los otros dos asaltantes, [&hellip;]<\/p>\n","protected":false},"author":8,"featured_media":18496,"comment_status":"open","ping_status":"open","sticky":false,"template":"","format":"standard","meta":{"footnotes":""},"categories":[44],"tags":[],"class_list":["post-18492","post","type-post","status-publish","format-standard","has-post-thumbnail","hentry","category-republica-dominicana"],"_links":{"self":[{"href":"https:\/\/2horizontes.com\/index.php?rest_route=\/wp\/v2\/posts\/18492","targetHints":{"allow":["GET"]}}],"collection":[{"href":"https:\/\/2horizontes.com\/index.php?rest_route=\/wp\/v2\/posts"}],"about":[{"href":"https:\/\/2horizontes.com\/index.php?rest_route=\/wp\/v2\/types\/post"}],"author":[{"embeddable":true,"href":"https:\/\/2horizontes.com\/index.php?rest_route=\/wp\/v2\/users\/8"}],"replies":[{"embeddable":true,"href":"https:\/\/2horizontes.com\/index.php?rest_route=%2Fwp%2Fv2%2Fcomments&post=18492"}],"version-history":[{"count":1,"href":"https:\/\/2horizontes.com\/index.php?rest_route=\/wp\/v2\/posts\/18492\/revisions"}],"predecessor-version":[{"id":18497,"href":"https:\/\/2horizontes.com\/index.php?rest_route=\/wp\/v2\/posts\/18492\/revisions\/18497"}],"wp:featuredmedia":[{"embeddable":true,"href":"https:\/\/2horizontes.com\/index.php?rest_route=\/wp\/v2\/media\/18496"}],"wp:attachment":[{"href":"https:\/\/2horizontes.com\/index.php?rest_route=%2Fwp%2Fv2%2Fmedia&parent=18492"}],"wp:term":[{"taxonomy":"category","embeddable":true,"href":"https:\/\/2horizontes.com\/index.php?rest_route=%2Fwp%2Fv2%2Fcategories&post=18492"},{"taxonomy":"post_tag","embeddable":true,"href":"https:\/\/2horizontes.com\/index.php?rest_route=%2Fwp%2Fv2%2Ftags&post=18492"}],"curies":[{"name":"wp","href":"https:\/\/api.w.org\/{rel}","templated":true}]}}