{"id":18470,"date":"2015-07-30T16:18:24","date_gmt":"2015-07-30T15:18:24","guid":{"rendered":"http:\/\/2horizontes.com\/?p=18470"},"modified":"2015-07-30T16:18:24","modified_gmt":"2015-07-30T15:18:24","slug":"condenan-hombre-que-explotaba-sexualmente-a-una-adolescente-embarazada","status":"publish","type":"post","link":"https:\/\/2horizontes.com\/?p=18470","title":{"rendered":"Condenan hombre que explotaba sexualmente a una adolescente embarazada"},"content":{"rendered":"<p>RD- SANTO DOMINGO-El Cuarto Tribunal Colegiado del Distrito Nacional conden\u00f3 a cinco a\u00f1os de prisi\u00f3n a un hombre acusado explotar sexualmente a una adolescente de 15 a\u00f1os de edad embarazada, oblig\u00e1ndola a prostituirse en el Centro de los H\u00e9roes.<\/p>\n<p>El tribunal, compuesto por los jueces Pilar Rufino, Daira Medina y Delio Germ\u00e1n, impuso la pena en contra de Jos\u00e9 Manuel de Jes\u00fas Ventura, quien el 31 de mayo del pasado a\u00f1o fue apresado en flagrante delito, seg\u00fan inform\u00f3 el Ministerio P\u00fablico mediante un comunicado.<\/p>\n<p>La menor, cuyo nombre se omite por razones legales, estuvo representada por la ONG Misi\u00f3n Internacional de Justicia (MIJ), y durante todo el proceso se le prest\u00f3 asistencia psicol\u00f3gica, as\u00ed como formaci\u00f3n educativa y econ\u00f3mica.<\/p>\n<p>El procurador general de Rep\u00fablica, Francisco Dom\u00ednguez Brito, solicit\u00f3 a la ciudadan\u00eda denunciar este tipo de casos, que calific\u00f3 de aberrantes y que laceran la dignidad humana. Dijo que pueden hacerlo a trav\u00e9s de la l\u00ednea gratuita y confidencial (809) 200-7393.<\/p>\n<p>La Procuradur\u00eda Especializada contra el Tr\u00e1fico Il\u00edcito de Migrantes y la Trata de Personas, que dirige Jonathan Bar\u00f3, llev\u00f3 a cabo las investigaciones de manera conjunta con la Procuradur\u00eda Fiscal del Distrito Nacional.<\/p>\n<p>Durante el desarrollo de la audiencia, el Ministerio P\u00fablico estuvo representado por Manuel Acosta Castillo, procurador fiscal adscrito a la Procuradur\u00eda Especializada contra el Tr\u00e1fico Il\u00edcito de Migrantes y la Trata de Personas, y Alba Corona, procuradora fiscal del Distrito Nacional y directora del Departamento de Trata y Tr\u00e1fico de Personas del Distrito Nacional.<\/p>\n","protected":false},"excerpt":{"rendered":"<p>RD- SANTO DOMINGO-El Cuarto Tribunal Colegiado del Distrito Nacional conden\u00f3 a cinco a\u00f1os de prisi\u00f3n a un hombre acusado explotar sexualmente a una adolescente de 15 a\u00f1os de edad embarazada, oblig\u00e1ndola a prostituirse en el Centro de los H\u00e9roes. El tribunal, compuesto por los jueces Pilar Rufino, Daira Medina y Delio Germ\u00e1n, impuso la pena [&hellip;]<\/p>\n","protected":false},"author":8,"featured_media":18228,"comment_status":"open","ping_status":"open","sticky":false,"template":"","format":"standard","meta":{"footnotes":""},"categories":[44],"tags":[],"class_list":["post-18470","post","type-post","status-publish","format-standard","has-post-thumbnail","hentry","category-republica-dominicana"],"_links":{"self":[{"href":"https:\/\/2horizontes.com\/index.php?rest_route=\/wp\/v2\/posts\/18470","targetHints":{"allow":["GET"]}}],"collection":[{"href":"https:\/\/2horizontes.com\/index.php?rest_route=\/wp\/v2\/posts"}],"about":[{"href":"https:\/\/2horizontes.com\/index.php?rest_route=\/wp\/v2\/types\/post"}],"author":[{"embeddable":true,"href":"https:\/\/2horizontes.com\/index.php?rest_route=\/wp\/v2\/users\/8"}],"replies":[{"embeddable":true,"href":"https:\/\/2horizontes.com\/index.php?rest_route=%2Fwp%2Fv2%2Fcomments&post=18470"}],"version-history":[{"count":1,"href":"https:\/\/2horizontes.com\/index.php?rest_route=\/wp\/v2\/posts\/18470\/revisions"}],"predecessor-version":[{"id":18471,"href":"https:\/\/2horizontes.com\/index.php?rest_route=\/wp\/v2\/posts\/18470\/revisions\/18471"}],"wp:featuredmedia":[{"embeddable":true,"href":"https:\/\/2horizontes.com\/index.php?rest_route=\/wp\/v2\/media\/18228"}],"wp:attachment":[{"href":"https:\/\/2horizontes.com\/index.php?rest_route=%2Fwp%2Fv2%2Fmedia&parent=18470"}],"wp:term":[{"taxonomy":"category","embeddable":true,"href":"https:\/\/2horizontes.com\/index.php?rest_route=%2Fwp%2Fv2%2Fcategories&post=18470"},{"taxonomy":"post_tag","embeddable":true,"href":"https:\/\/2horizontes.com\/index.php?rest_route=%2Fwp%2Fv2%2Ftags&post=18470"}],"curies":[{"name":"wp","href":"https:\/\/api.w.org\/{rel}","templated":true}]}}