{"id":18467,"date":"2015-07-30T16:11:27","date_gmt":"2015-07-30T15:11:27","guid":{"rendered":"http:\/\/2horizontes.com\/?p=18467"},"modified":"2015-07-30T16:11:27","modified_gmt":"2015-07-30T15:11:27","slug":"vaguada-provocara-chubascos-en-varias-provincias-rd","status":"publish","type":"post","link":"https:\/\/2horizontes.com\/?p=18467","title":{"rendered":"Vaguada provocar\u00e1 chubascos en varias provincias RD"},"content":{"rendered":"<p>RD- SANTO DOMINGO-La Oficina Nacional de Meteorolog\u00eda (Onamet), informa que una vaguada en altura\u00a0 provocar\u00e1 chubascos con aisladas tronadas, en la tarde,\u00a0 hacia las provincias de\u00a0 El\u00edas Pi\u00f1a, San Juan, Azua, Peravia, San Crist\u00f3bal, San Jos\u00e9 de Ocoa, La Vega, Monse\u00f1or Nouel, Santiago Rodr\u00edguez, Dajab\u00f3n y Monte Plata.<\/p>\n<p>Mientras que las temperaturas continuar\u00e1n calurosas debido a la \u00e9poca de verano y la presencia de polvo del Sahara sobre el pa\u00eds.<\/p>\n<p>\u201cPara ma\u00f1ana viernes, una onda tropical estar\u00e1 sobre el pa\u00eds y empezar\u00e1 a interactuar con la vaguada en altura, incrementando de forma significativa la humedad y la inestabilidad en la atmosfera para producir en horas de la tarde y la noche aguaceros con tronadas y posibles r\u00e1fagas de viento hacia las regiones suroeste, sureste, norte, cordillera Central y la zona fronteriza\u201d.<\/p>\n<p>En otro orden, la Onamet informa de dos zonas de disturbios asociadas con aguaceros, tormentas el\u00e9ctricas y r\u00e1fagas de viento con baja posibilidad de convertirse en cicl\u00f3n tropical. Una de ellas se ubica al este de la costa norte de la Florida y la segunda al sur\/suroeste de la isla de Cabo Verde.<\/p>\n<p><strong>Pron\u00f3sticos locales\u00a0<\/strong><\/p>\n<p>Hoy el cielo estar\u00e1 medio nublado a nublado hacia la regi\u00f3n suroeste, cordillera Central y la zona fronteriza con la ocurrencia de chubascos ampliamente aislados y tronadas.<\/p>\n<p>En el\u00a0 Distrito Nacional y la provincia Santo Domingo habr\u00e1 nubes dispersas.\u00a0 La temperatura m\u00e1xima estar\u00e1 entre\u00a0 34C y 35\u00baC\u00a0 y la m\u00ednima entre 24\u00baC y 25\u00baC.<\/p>\n","protected":false},"excerpt":{"rendered":"<p>RD- SANTO DOMINGO-La Oficina Nacional de Meteorolog\u00eda (Onamet), informa que una vaguada en altura\u00a0 provocar\u00e1 chubascos con aisladas tronadas, en la tarde,\u00a0 hacia las provincias de\u00a0 El\u00edas Pi\u00f1a, San Juan, Azua, Peravia, San Crist\u00f3bal, San Jos\u00e9 de Ocoa, La Vega, Monse\u00f1or Nouel, Santiago Rodr\u00edguez, Dajab\u00f3n y Monte Plata. Mientras que las temperaturas continuar\u00e1n calurosas debido [&hellip;]<\/p>\n","protected":false},"author":8,"featured_media":18468,"comment_status":"open","ping_status":"open","sticky":false,"template":"","format":"standard","meta":{"footnotes":""},"categories":[44],"tags":[],"class_list":["post-18467","post","type-post","status-publish","format-standard","has-post-thumbnail","hentry","category-republica-dominicana"],"_links":{"self":[{"href":"https:\/\/2horizontes.com\/index.php?rest_route=\/wp\/v2\/posts\/18467","targetHints":{"allow":["GET"]}}],"collection":[{"href":"https:\/\/2horizontes.com\/index.php?rest_route=\/wp\/v2\/posts"}],"about":[{"href":"https:\/\/2horizontes.com\/index.php?rest_route=\/wp\/v2\/types\/post"}],"author":[{"embeddable":true,"href":"https:\/\/2horizontes.com\/index.php?rest_route=\/wp\/v2\/users\/8"}],"replies":[{"embeddable":true,"href":"https:\/\/2horizontes.com\/index.php?rest_route=%2Fwp%2Fv2%2Fcomments&post=18467"}],"version-history":[{"count":1,"href":"https:\/\/2horizontes.com\/index.php?rest_route=\/wp\/v2\/posts\/18467\/revisions"}],"predecessor-version":[{"id":18469,"href":"https:\/\/2horizontes.com\/index.php?rest_route=\/wp\/v2\/posts\/18467\/revisions\/18469"}],"wp:featuredmedia":[{"embeddable":true,"href":"https:\/\/2horizontes.com\/index.php?rest_route=\/wp\/v2\/media\/18468"}],"wp:attachment":[{"href":"https:\/\/2horizontes.com\/index.php?rest_route=%2Fwp%2Fv2%2Fmedia&parent=18467"}],"wp:term":[{"taxonomy":"category","embeddable":true,"href":"https:\/\/2horizontes.com\/index.php?rest_route=%2Fwp%2Fv2%2Fcategories&post=18467"},{"taxonomy":"post_tag","embeddable":true,"href":"https:\/\/2horizontes.com\/index.php?rest_route=%2Fwp%2Fv2%2Ftags&post=18467"}],"curies":[{"name":"wp","href":"https:\/\/api.w.org\/{rel}","templated":true}]}}