{"id":18451,"date":"2015-07-30T13:56:58","date_gmt":"2015-07-30T12:56:58","guid":{"rendered":"http:\/\/2horizontes.com\/?p=18451"},"modified":"2015-07-30T13:56:58","modified_gmt":"2015-07-30T12:56:58","slug":"colau-acusa-a-rajoy-de-generar-una-tension-inneces","status":"publish","type":"post","link":"https:\/\/2horizontes.com\/?p=18451","title":{"rendered":"Colau acusa a Rajoy de generar una \u00abtensi\u00f3n inneces"},"content":{"rendered":"<p>La alcaldesa de Barcelona, Ada Colau, ha acusado este jueves al presidente del Gobierno central, Mariano Rajoy, de generar \u00abtensi\u00f3n innecesaria\u00bb en Catalunya, despu\u00e9s de que aprovechase un acto del PP en Castelldefels (Barcelona) para advertir al presidente de la Generalitat, Artur Mas, de que quien quiera saltarse la ley tendr\u00e1 un problema.<\/p>\n<p>En rueda de prensa tras reunirse con el presidente catal\u00e1n, ha dicho que cuestionando las elecciones del 27 de septiembre el PP \u00abgenera unas tensiones absolutamente injustificables desde el punto de vista democr\u00e1tico\u00bb ya que, ha dicho, que la gente se exprese en las urnas nunca deber\u00eda ser un problema.<\/p>\n<p>\u00abSi lo es, es que la salud democr\u00e1tica del Estado se encuentra gravemente deteriorada\u00bb, ha continuado, y ha lamentado que el PP convierta los comicios en una cuesti\u00f3n problem\u00e1tica porque el resultado que surja de los mismos podr\u00eda no gustarle.<\/p>\n","protected":false},"excerpt":{"rendered":"<p>La alcaldesa de Barcelona, Ada Colau, ha acusado este jueves al presidente del Gobierno central, Mariano Rajoy, de generar \u00abtensi\u00f3n innecesaria\u00bb en Catalunya, despu\u00e9s de que aprovechase un acto del PP en Castelldefels (Barcelona) para advertir al presidente de la Generalitat, Artur Mas, de que quien quiera saltarse la ley tendr\u00e1 un problema. En rueda [&hellip;]<\/p>\n","protected":false},"author":3,"featured_media":18452,"comment_status":"open","ping_status":"open","sticky":false,"template":"","format":"standard","meta":{"footnotes":""},"categories":[85,43],"tags":[],"class_list":["post-18451","post","type-post","status-publish","format-standard","has-post-thumbnail","hentry","category-espana","category-politica"],"_links":{"self":[{"href":"https:\/\/2horizontes.com\/index.php?rest_route=\/wp\/v2\/posts\/18451","targetHints":{"allow":["GET"]}}],"collection":[{"href":"https:\/\/2horizontes.com\/index.php?rest_route=\/wp\/v2\/posts"}],"about":[{"href":"https:\/\/2horizontes.com\/index.php?rest_route=\/wp\/v2\/types\/post"}],"author":[{"embeddable":true,"href":"https:\/\/2horizontes.com\/index.php?rest_route=\/wp\/v2\/users\/3"}],"replies":[{"embeddable":true,"href":"https:\/\/2horizontes.com\/index.php?rest_route=%2Fwp%2Fv2%2Fcomments&post=18451"}],"version-history":[{"count":1,"href":"https:\/\/2horizontes.com\/index.php?rest_route=\/wp\/v2\/posts\/18451\/revisions"}],"predecessor-version":[{"id":18453,"href":"https:\/\/2horizontes.com\/index.php?rest_route=\/wp\/v2\/posts\/18451\/revisions\/18453"}],"wp:featuredmedia":[{"embeddable":true,"href":"https:\/\/2horizontes.com\/index.php?rest_route=\/wp\/v2\/media\/18452"}],"wp:attachment":[{"href":"https:\/\/2horizontes.com\/index.php?rest_route=%2Fwp%2Fv2%2Fmedia&parent=18451"}],"wp:term":[{"taxonomy":"category","embeddable":true,"href":"https:\/\/2horizontes.com\/index.php?rest_route=%2Fwp%2Fv2%2Fcategories&post=18451"},{"taxonomy":"post_tag","embeddable":true,"href":"https:\/\/2horizontes.com\/index.php?rest_route=%2Fwp%2Fv2%2Ftags&post=18451"}],"curies":[{"name":"wp","href":"https:\/\/api.w.org\/{rel}","templated":true}]}}