{"id":18379,"date":"2015-07-29T20:56:11","date_gmt":"2015-07-29T19:56:11","guid":{"rendered":"http:\/\/2horizontes.com\/?p=18379"},"modified":"2015-07-29T20:56:11","modified_gmt":"2015-07-29T19:56:11","slug":"red-interna-del-pentagono-fue-desactivada-al-detectar-actividad-sospechosa","status":"publish","type":"post","link":"https:\/\/2horizontes.com\/?p=18379","title":{"rendered":"Red interna del Pent\u00e1gono fue desactivada al detectar actividad \u00absospechosa\u00bb"},"content":{"rendered":"<div id=\"ArticleAuthorDiv\" class=\"article-body-author\"><b>AP<\/b><\/div>\n<div id=\"ArticleSourceDiv\" class=\"article-body-author\"><b>Washington<\/b><\/div>\n<div id=\"ArticleBody\">\n<p>Parte de la red interna de correo electr\u00f3nico no clasificado del departamento de Defensa de Estados Unidos fue desactivada durante el fin de semana al detectar \u00abactividad sospechosa\u00bb, seg\u00fan indicaron fuentes del Pent\u00e1gono a la CNN.<\/p>\n<p>El cierre temporal afect\u00f3 a la red que usan para intercambiar correos electr\u00f3nicos no clasificados el jefe del Estado Mayor Conjunto de las Fuerzas Armadas, Martin Dempsey, y cientos de militares y personal civil de Defensa, indic\u00f3 la cadena de televisi\u00f3n.<\/p>\n<p>Aunque el Pent\u00e1gono no especific\u00f3 la naturaleza exacta de la \u00abactividad sospechosa\u00bb, inform\u00f3 que se abri\u00f3 una investigaci\u00f3n dirigida por el comando cibern\u00e9tico del Ej\u00e9rcito.<\/p>\n<p>El Pent\u00e1gono no tiene constancia de que ninguna red de correos clasificados se viese tambi\u00e9n afectada por la mencionada actividad sospechosa.<\/p>\n<p>Este suceso se produce despu\u00e9s de que en junio se revelase un ciberataque al Gobierno de Estados Unidos que los medios de EE.UU. atribuyen a piratas inform\u00e1ticos chinos y que afect\u00f3 informaci\u00f3n \u00absensible\u00bb de 21,5 millones de personas, seg\u00fan la Administraci\u00f3n Obama.<\/p>\n<p>La Oficina de Gesti\u00f3n de Personal del Gobierno (OPM), que fue la v\u00edctima del ataque, inform\u00f3 de que los \u00abhackers\u00bb robaron datos personales, incluyendo n\u00fameros de la seguridad social y otra informaci\u00f3n sensible de 21,5 millones de personas, lo que constituye uno de los ataques m\u00e1s da\u00f1inos jam\u00e1s registrados contra la Administraci\u00f3n estadounidense.<\/p>\n<\/div>\n","protected":false},"excerpt":{"rendered":"<p>AP Washington Parte de la red interna de correo electr\u00f3nico no clasificado del departamento de Defensa de Estados Unidos fue desactivada durante el fin de semana al detectar \u00abactividad sospechosa\u00bb, seg\u00fan indicaron fuentes del Pent\u00e1gono a la CNN. El cierre temporal afect\u00f3 a la red que usan para intercambiar correos electr\u00f3nicos no clasificados el jefe [&hellip;]<\/p>\n","protected":false},"author":7,"featured_media":18380,"comment_status":"open","ping_status":"open","sticky":false,"template":"","format":"standard","meta":{"footnotes":""},"categories":[40,43],"tags":[],"class_list":["post-18379","post","type-post","status-publish","format-standard","has-post-thumbnail","hentry","category-internacionales","category-politica"],"_links":{"self":[{"href":"https:\/\/2horizontes.com\/index.php?rest_route=\/wp\/v2\/posts\/18379","targetHints":{"allow":["GET"]}}],"collection":[{"href":"https:\/\/2horizontes.com\/index.php?rest_route=\/wp\/v2\/posts"}],"about":[{"href":"https:\/\/2horizontes.com\/index.php?rest_route=\/wp\/v2\/types\/post"}],"author":[{"embeddable":true,"href":"https:\/\/2horizontes.com\/index.php?rest_route=\/wp\/v2\/users\/7"}],"replies":[{"embeddable":true,"href":"https:\/\/2horizontes.com\/index.php?rest_route=%2Fwp%2Fv2%2Fcomments&post=18379"}],"version-history":[{"count":2,"href":"https:\/\/2horizontes.com\/index.php?rest_route=\/wp\/v2\/posts\/18379\/revisions"}],"predecessor-version":[{"id":18382,"href":"https:\/\/2horizontes.com\/index.php?rest_route=\/wp\/v2\/posts\/18379\/revisions\/18382"}],"wp:featuredmedia":[{"embeddable":true,"href":"https:\/\/2horizontes.com\/index.php?rest_route=\/wp\/v2\/media\/18380"}],"wp:attachment":[{"href":"https:\/\/2horizontes.com\/index.php?rest_route=%2Fwp%2Fv2%2Fmedia&parent=18379"}],"wp:term":[{"taxonomy":"category","embeddable":true,"href":"https:\/\/2horizontes.com\/index.php?rest_route=%2Fwp%2Fv2%2Fcategories&post=18379"},{"taxonomy":"post_tag","embeddable":true,"href":"https:\/\/2horizontes.com\/index.php?rest_route=%2Fwp%2Fv2%2Ftags&post=18379"}],"curies":[{"name":"wp","href":"https:\/\/api.w.org\/{rel}","templated":true}]}}