{"id":18360,"date":"2015-07-29T20:25:44","date_gmt":"2015-07-29T19:25:44","guid":{"rendered":"http:\/\/2horizontes.com\/?p=18360"},"modified":"2015-07-29T20:25:44","modified_gmt":"2015-07-29T19:25:44","slug":"el-premio-nobel-desmond-tutu-es-reinternado-en-hospital-en-sudafrica","status":"publish","type":"post","link":"https:\/\/2horizontes.com\/?p=18360","title":{"rendered":"El Premio Nobel Desmond Tutu es reinternado en hospital en Sud\u00e1frica"},"content":{"rendered":"<div id=\"ArticleAuthorDiv\" class=\"article-body-author\"><b>AP<\/b><\/div>\n<div id=\"ArticleSourceDiv\" class=\"article-body-author\"><b>Nairobi, Kenia<\/b><\/div>\n<div id=\"ArticleBody\">\n<p>El arzobispo retirado sudafricano Desmond Tutu fue internado nuevamente, una semana despu\u00e9s de que sali\u00f3 de un hospital de Ciudad del Cabo donde hab\u00eda recibido un tratamiento intensivo con antibi\u00f3ticos por una infecci\u00f3n, dijo el martes su fundaci\u00f3n.<\/p>\n<p>El Premio Nobel de la Paz regres\u00f3 al hospital porque volvi\u00f3 a sentir molestias, afirm\u00f3 la fundaci\u00f3n, que lleva el nombre de Tutu y su esposo Leah.<\/p>\n<p>La fundaci\u00f3n inform\u00f3 que la hija de Tutu, Mpho, dijo que la hospitalizaci\u00f3n de su padre, de 83 a\u00f1os, es ajena al tratamiento que recibe contra el c\u00e1ncer. Tutu sufre c\u00e1ncer de pr\u00f3stata desde hace varios a\u00f1os.<\/p>\n<p>\u00abEl onc\u00f3logo de Tutu confirma que su nivel de ant\u00edgeno prost\u00e1tico espec\u00edfico es satisfactoriamente bajo\u00bb, dijo la fundaci\u00f3n en un comunicado.<\/p>\n<p>\u00abLos doctores de Tutu consideraron prudente que regresara al hospital para observaci\u00f3n\u00bb, dijo Mpho Tutu, seg\u00fan el comunicado. \u00abTendr\u00e1 algunos d\u00edas de reposo en cama mientras su equipo de doctores logra controlar la situaci\u00f3n y determina el curso de la atenci\u00f3n, si es que lo habr\u00e1. Permanecer\u00e1 hospitalizado cuando menos hasta el fin de semana\u00bb.<\/p>\n<p>Tutu obtuvo el Premio Nobel de la Paz en 1984 por su campa\u00f1a contra el apartheid.<\/p>\n<\/div>\n<div><\/div>\n<p>&nbsp;<\/p>\n","protected":false},"excerpt":{"rendered":"<p>AP Nairobi, Kenia El arzobispo retirado sudafricano Desmond Tutu fue internado nuevamente, una semana despu\u00e9s de que sali\u00f3 de un hospital de Ciudad del Cabo donde hab\u00eda recibido un tratamiento intensivo con antibi\u00f3ticos por una infecci\u00f3n, dijo el martes su fundaci\u00f3n. El Premio Nobel de la Paz regres\u00f3 al hospital porque volvi\u00f3 a sentir molestias, [&hellip;]<\/p>\n","protected":false},"author":7,"featured_media":18361,"comment_status":"open","ping_status":"open","sticky":false,"template":"","format":"standard","meta":{"footnotes":""},"categories":[51,62,40],"tags":[],"class_list":["post-18360","post","type-post","status-publish","format-standard","has-post-thumbnail","hentry","category-africa","category-cultura","category-internacionales"],"_links":{"self":[{"href":"https:\/\/2horizontes.com\/index.php?rest_route=\/wp\/v2\/posts\/18360","targetHints":{"allow":["GET"]}}],"collection":[{"href":"https:\/\/2horizontes.com\/index.php?rest_route=\/wp\/v2\/posts"}],"about":[{"href":"https:\/\/2horizontes.com\/index.php?rest_route=\/wp\/v2\/types\/post"}],"author":[{"embeddable":true,"href":"https:\/\/2horizontes.com\/index.php?rest_route=\/wp\/v2\/users\/7"}],"replies":[{"embeddable":true,"href":"https:\/\/2horizontes.com\/index.php?rest_route=%2Fwp%2Fv2%2Fcomments&post=18360"}],"version-history":[{"count":1,"href":"https:\/\/2horizontes.com\/index.php?rest_route=\/wp\/v2\/posts\/18360\/revisions"}],"predecessor-version":[{"id":18362,"href":"https:\/\/2horizontes.com\/index.php?rest_route=\/wp\/v2\/posts\/18360\/revisions\/18362"}],"wp:featuredmedia":[{"embeddable":true,"href":"https:\/\/2horizontes.com\/index.php?rest_route=\/wp\/v2\/media\/18361"}],"wp:attachment":[{"href":"https:\/\/2horizontes.com\/index.php?rest_route=%2Fwp%2Fv2%2Fmedia&parent=18360"}],"wp:term":[{"taxonomy":"category","embeddable":true,"href":"https:\/\/2horizontes.com\/index.php?rest_route=%2Fwp%2Fv2%2Fcategories&post=18360"},{"taxonomy":"post_tag","embeddable":true,"href":"https:\/\/2horizontes.com\/index.php?rest_route=%2Fwp%2Fv2%2Ftags&post=18360"}],"curies":[{"name":"wp","href":"https:\/\/api.w.org\/{rel}","templated":true}]}}