{"id":18318,"date":"2015-07-29T16:19:35","date_gmt":"2015-07-29T15:19:35","guid":{"rendered":"http:\/\/2horizontes.com\/?p=18318"},"modified":"2015-07-29T16:20:06","modified_gmt":"2015-07-29T15:20:06","slug":"tres-meses-de-prision-acusado-matar-homosexual-la-puchy","status":"publish","type":"post","link":"https:\/\/2horizontes.com\/?p=18318","title":{"rendered":"Tres meses de prisi\u00f3n acusado matar homosexual \u201cLa Puchy\u201d"},"content":{"rendered":"<article class=\"noticia\">RD- SAN FRANCISCO DE MACORIS- La oficina judicial de servicios de atenci\u00f3n permanente del distrito Judicial Duarte, dicto tres meses de prisi\u00f3n preventiva contra Luis Castro, acusado de asesinar\u00a0 de varios disparos al transexual Puchy, luego de una acalorada discusi\u00f3n por la que la v\u00edctima le cobraba una alegada deuda por servicios prestados, resultando adem\u00e1s un conchero con heridas de bala.Se trata de Aneudy Col\u00f3n Bautista \u201dLa Puchy\u201d, quien recibi\u00f3 ocho disparos en distintas partes del cuerpo, que caus\u00f3 su muerte inmediata, de manos de un hombre identificado como Luis Castro.<\/p>\n<p>El prevenido deber\u00e1 cumplir la medida en el centro de Correcci\u00f3n y Rehabilitaci\u00f3n Vista al Valle.<\/p>\n<p>El victimario alega que la v\u00edctima intento prenderle fuego a un cami\u00f3n de su propiedad, adem\u00e1s de robarle un radio, por lo que presuntamente intent\u00f3 agredirlo y se vio en la necesidad de realizarle los disparos en la calle primera de la urbanizaci\u00f3n Los Maestros.<\/p>\n<p>La madre del occiso Marisol Colon, dijo que el victimario era pareja sentimental de la v\u00edctima, quien anoche hab\u00eda ido a buscarlo y m\u00faltiples ocasiones.<\/p>\n<p>En tanto que Jes\u00fas Manuel Ramos, motoconchista que transportaba a la v\u00edctima tambi\u00e9n resulto herido de bala en el pecho, por lo que fue ingresado en el hospital San Vicente de Paul.<\/p>\n<p>En otras oportunidades, Puchy como se le conoc\u00eda, hab\u00eda sido detenido por causar desordenes con personas que presuntamente no pagan por los servicios sexuales que les ofrec\u00eda.<\/p>\n<\/article>\n<p>&nbsp;<\/p>\n","protected":false},"excerpt":{"rendered":"<p>RD- SAN FRANCISCO DE MACORIS- La oficina judicial de servicios de atenci\u00f3n permanente del distrito Judicial Duarte, dicto tres meses de prisi\u00f3n preventiva contra Luis Castro, acusado de asesinar\u00a0 de varios disparos al transexual Puchy, luego de una acalorada discusi\u00f3n por la que la v\u00edctima le cobraba una alegada deuda por servicios prestados, resultando adem\u00e1s [&hellip;]<\/p>\n","protected":false},"author":8,"featured_media":18322,"comment_status":"open","ping_status":"open","sticky":false,"template":"","format":"standard","meta":{"footnotes":""},"categories":[57,53,44,45],"tags":[],"class_list":["post-18318","post","type-post","status-publish","format-standard","has-post-thumbnail","hentry","category-mundo-gay","category-provincias","category-republica-dominicana","category-salud"],"_links":{"self":[{"href":"https:\/\/2horizontes.com\/index.php?rest_route=\/wp\/v2\/posts\/18318","targetHints":{"allow":["GET"]}}],"collection":[{"href":"https:\/\/2horizontes.com\/index.php?rest_route=\/wp\/v2\/posts"}],"about":[{"href":"https:\/\/2horizontes.com\/index.php?rest_route=\/wp\/v2\/types\/post"}],"author":[{"embeddable":true,"href":"https:\/\/2horizontes.com\/index.php?rest_route=\/wp\/v2\/users\/8"}],"replies":[{"embeddable":true,"href":"https:\/\/2horizontes.com\/index.php?rest_route=%2Fwp%2Fv2%2Fcomments&post=18318"}],"version-history":[{"count":2,"href":"https:\/\/2horizontes.com\/index.php?rest_route=\/wp\/v2\/posts\/18318\/revisions"}],"predecessor-version":[{"id":18324,"href":"https:\/\/2horizontes.com\/index.php?rest_route=\/wp\/v2\/posts\/18318\/revisions\/18324"}],"wp:featuredmedia":[{"embeddable":true,"href":"https:\/\/2horizontes.com\/index.php?rest_route=\/wp\/v2\/media\/18322"}],"wp:attachment":[{"href":"https:\/\/2horizontes.com\/index.php?rest_route=%2Fwp%2Fv2%2Fmedia&parent=18318"}],"wp:term":[{"taxonomy":"category","embeddable":true,"href":"https:\/\/2horizontes.com\/index.php?rest_route=%2Fwp%2Fv2%2Fcategories&post=18318"},{"taxonomy":"post_tag","embeddable":true,"href":"https:\/\/2horizontes.com\/index.php?rest_route=%2Fwp%2Fv2%2Ftags&post=18318"}],"curies":[{"name":"wp","href":"https:\/\/api.w.org\/{rel}","templated":true}]}}