{"id":18260,"date":"2015-07-29T10:31:59","date_gmt":"2015-07-29T09:31:59","guid":{"rendered":"http:\/\/2horizontes.com\/?p=18260"},"modified":"2015-07-29T10:35:33","modified_gmt":"2015-07-29T09:35:33","slug":"detenido-un-hombre-por-provocar-el-incendio-de","status":"publish","type":"post","link":"https:\/\/2horizontes.com\/?p=18260","title":{"rendered":"Detenido un hombre por provocar el incendio de Ourense"},"content":{"rendered":"<p>Un brigadista y un agente forestal han sido atendidos por intoxicaci\u00f3n al inhalar humo<\/p>\n<p>Un hombre ha sido detenido por provocar el incendio que sigue activo en la provincia de Ourense y que amenaza al pueblo de Palm\u00e9s, donde las previsiones no son optimistas por la fuerza del viento. Las llamas, que comenzaron en la tarde de ayer en cuatro puntos diferentes, han calcinado ya un centenar de hect\u00e1reas. La Xunta ha pedido colaboraci\u00f3n al Ej\u00e9rcito y en la zona un gran dispositivo trabaja para sofocar ese fuego. Un brigadista y un agente forestal han tenido que ser atendidos por la intoxicaci\u00f3n provocada por el humo.<\/p>\n","protected":false},"excerpt":{"rendered":"<p>Un brigadista y un agente forestal han sido atendidos por intoxicaci\u00f3n al inhalar humo Un hombre ha sido detenido por provocar el incendio que sigue activo en la provincia de Ourense y que amenaza al pueblo de Palm\u00e9s, donde las previsiones no son optimistas por la fuerza del viento. Las llamas, que comenzaron en la [&hellip;]<\/p>\n","protected":false},"author":3,"featured_media":18261,"comment_status":"open","ping_status":"open","sticky":false,"template":"","format":"standard","meta":{"footnotes":""},"categories":[85],"tags":[],"class_list":["post-18260","post","type-post","status-publish","format-standard","has-post-thumbnail","hentry","category-espana"],"_links":{"self":[{"href":"https:\/\/2horizontes.com\/index.php?rest_route=\/wp\/v2\/posts\/18260","targetHints":{"allow":["GET"]}}],"collection":[{"href":"https:\/\/2horizontes.com\/index.php?rest_route=\/wp\/v2\/posts"}],"about":[{"href":"https:\/\/2horizontes.com\/index.php?rest_route=\/wp\/v2\/types\/post"}],"author":[{"embeddable":true,"href":"https:\/\/2horizontes.com\/index.php?rest_route=\/wp\/v2\/users\/3"}],"replies":[{"embeddable":true,"href":"https:\/\/2horizontes.com\/index.php?rest_route=%2Fwp%2Fv2%2Fcomments&post=18260"}],"version-history":[{"count":2,"href":"https:\/\/2horizontes.com\/index.php?rest_route=\/wp\/v2\/posts\/18260\/revisions"}],"predecessor-version":[{"id":18263,"href":"https:\/\/2horizontes.com\/index.php?rest_route=\/wp\/v2\/posts\/18260\/revisions\/18263"}],"wp:featuredmedia":[{"embeddable":true,"href":"https:\/\/2horizontes.com\/index.php?rest_route=\/wp\/v2\/media\/18261"}],"wp:attachment":[{"href":"https:\/\/2horizontes.com\/index.php?rest_route=%2Fwp%2Fv2%2Fmedia&parent=18260"}],"wp:term":[{"taxonomy":"category","embeddable":true,"href":"https:\/\/2horizontes.com\/index.php?rest_route=%2Fwp%2Fv2%2Fcategories&post=18260"},{"taxonomy":"post_tag","embeddable":true,"href":"https:\/\/2horizontes.com\/index.php?rest_route=%2Fwp%2Fv2%2Ftags&post=18260"}],"curies":[{"name":"wp","href":"https:\/\/api.w.org\/{rel}","templated":true}]}}