{"id":18239,"date":"2015-07-29T04:00:42","date_gmt":"2015-07-29T03:00:42","guid":{"rendered":"http:\/\/2horizontes.com\/?p=18239"},"modified":"2015-07-29T04:00:42","modified_gmt":"2015-07-29T03:00:42","slug":"twitter-perdio-137-millones-de-dolares-en-ultimo-trimestre","status":"publish","type":"post","link":"https:\/\/2horizontes.com\/?p=18239","title":{"rendered":"Twitter perdi\u00f3 137 millones de d\u00f3lares en \u00faltimo trimestre"},"content":{"rendered":"<div id=\"ArticleAuthorDiv\" class=\"article-body-author\"><b>AFP<\/b><\/div>\n<div id=\"ArticleSourceDiv\" class=\"article-body-author\"><b>SAN FRANCISCO<\/b><\/div>\n<div id=\"ArticleBody\">\n<p>La red social Twitter inform\u00f3 el martes que perdi\u00f3 137 millones de d\u00f3lares en el trimestre pasado, pese a un incremento de los ingresos de 61% a m\u00e1s de 500 millones de d\u00f3lares.<\/p>\n<p>La compa\u00f1\u00eda indic\u00f3 que la cantidad de personas que usan mensualmente la popular red del pajarito subi\u00f3 15% a 316 millones de personas, comparado con el mismo periodo del a\u00f1o anterior.<\/p>\n<p>El t\u00edtulo de Twitter ca\u00eda m\u00e1s de 3% en las transacciones electr\u00f3nicas posteriores al cierre de Wall Street.<\/p>\n<\/div>\n<div><\/div>\n<p>&nbsp;<\/p>\n","protected":false},"excerpt":{"rendered":"<p>AFP SAN FRANCISCO La red social Twitter inform\u00f3 el martes que perdi\u00f3 137 millones de d\u00f3lares en el trimestre pasado, pese a un incremento de los ingresos de 61% a m\u00e1s de 500 millones de d\u00f3lares. La compa\u00f1\u00eda indic\u00f3 que la cantidad de personas que usan mensualmente la popular red del pajarito subi\u00f3 15% a [&hellip;]<\/p>\n","protected":false},"author":8,"featured_media":18240,"comment_status":"open","ping_status":"open","sticky":false,"template":"","format":"standard","meta":{"footnotes":""},"categories":[63,1,84],"tags":[],"class_list":["post-18239","post","type-post","status-publish","format-standard","has-post-thumbnail","hentry","category-economia","category-entretenimiento","category-otras-noticias"],"_links":{"self":[{"href":"https:\/\/2horizontes.com\/index.php?rest_route=\/wp\/v2\/posts\/18239","targetHints":{"allow":["GET"]}}],"collection":[{"href":"https:\/\/2horizontes.com\/index.php?rest_route=\/wp\/v2\/posts"}],"about":[{"href":"https:\/\/2horizontes.com\/index.php?rest_route=\/wp\/v2\/types\/post"}],"author":[{"embeddable":true,"href":"https:\/\/2horizontes.com\/index.php?rest_route=\/wp\/v2\/users\/8"}],"replies":[{"embeddable":true,"href":"https:\/\/2horizontes.com\/index.php?rest_route=%2Fwp%2Fv2%2Fcomments&post=18239"}],"version-history":[{"count":1,"href":"https:\/\/2horizontes.com\/index.php?rest_route=\/wp\/v2\/posts\/18239\/revisions"}],"predecessor-version":[{"id":18241,"href":"https:\/\/2horizontes.com\/index.php?rest_route=\/wp\/v2\/posts\/18239\/revisions\/18241"}],"wp:featuredmedia":[{"embeddable":true,"href":"https:\/\/2horizontes.com\/index.php?rest_route=\/wp\/v2\/media\/18240"}],"wp:attachment":[{"href":"https:\/\/2horizontes.com\/index.php?rest_route=%2Fwp%2Fv2%2Fmedia&parent=18239"}],"wp:term":[{"taxonomy":"category","embeddable":true,"href":"https:\/\/2horizontes.com\/index.php?rest_route=%2Fwp%2Fv2%2Fcategories&post=18239"},{"taxonomy":"post_tag","embeddable":true,"href":"https:\/\/2horizontes.com\/index.php?rest_route=%2Fwp%2Fv2%2Ftags&post=18239"}],"curies":[{"name":"wp","href":"https:\/\/api.w.org\/{rel}","templated":true}]}}