{"id":18236,"date":"2015-07-29T03:57:07","date_gmt":"2015-07-29T02:57:07","guid":{"rendered":"http:\/\/2horizontes.com\/?p=18236"},"modified":"2015-07-29T03:57:07","modified_gmt":"2015-07-29T02:57:07","slug":"pr-insiste-en-prevencion-ante-malaria-a-quienes-viajen-a-rd","status":"publish","type":"post","link":"https:\/\/2horizontes.com\/?p=18236","title":{"rendered":"PR insiste en prevenci\u00f3n ante malaria a quienes viajen a RD"},"content":{"rendered":"<div id=\"ArticleAuthorDiv\" class=\"article-body-author\"><b>EFE<\/b><\/div>\n<div id=\"ArticleSourceDiv\" class=\"article-body-author\"><b>SAN JUAN, Puerto Rico<\/b><\/div>\n<div id=\"ArticleBody\">\n<p>Las autoridades puertorrique\u00f1as insistieron hoy en pedir medidas de prevenci\u00f3n a los ciudadanos que piensen viajar a corto plazo a Rep\u00fablica Dominicana ante los \u00faltimos casos importados de malaria del pa\u00eds vecino.<\/p>\n<p>La secretaria del Departamento de Salud, Ana R\u00edus Armend\u00e1riz, se\u00f1al\u00f3 a trav\u00e9s de un comunicado que es importante que los puertorrique\u00f1os que viajen a Rep\u00fablica Dominicana consulten previamente con su m\u00e9dico y tomen los medicamentos contra la malaria necesarios para prevenir las consecuencias de la enfermedad.<\/p>\n<p>R\u00edus Armend\u00e1riz aprovech\u00f3 para recordar que hasta el momento en Puerto Rico hay 14 casos confirmados de malaria \u00abimportada\u00bb de viajeros procedentes de Rep\u00fablica Dominicana.<\/p>\n<p>Hay adem\u00e1s 16 casos sospechosos que contin\u00faan en proceso de verificaci\u00f3n.<\/p>\n<p>La funcionaria subray\u00f3 que es importante que durante los viajes a regiones donde la malaria es end\u00e9mica se eviten las picaduras de mosquitos y se haga uso de repelente y ropa adecuada, en particular durante la noche.<\/p>\n<p>\u00abLas personas que regresan de alg\u00fan pa\u00eds donde hay malaria deben estar alertas a cualquier s\u00edntoma de enfermedad dentro de las primeras 2 a 4 semanas posteriores al viaje y, de presentar alg\u00fan s\u00edntoma, consultar a su m\u00e9dico para evaluaci\u00f3n y tratamiento, seg\u00fan sea necesario,\u00bb enfatiz\u00f3.<\/p>\n<p>Los casos confirmados de malaria en Puerto Rico se corresponden con personas que viajaron a Rep\u00fablica Dominicana, en concreto a Punta Cana, durante finales de junio y el presente mes.<\/p>\n<p>La malaria es una enfermedad transmitida a trav\u00e9s de la picadura del mosquito Anopheles.<\/p>\n<p>Algunas zonas de riesgo de contraer esta enfermedad son \u00c1frica, Centroam\u00e9rica y Suram\u00e9rica, as\u00ed como en algunas partes del Caribe, aunque la malaria no es una enfermedad end\u00e9mica de Puerto Rico.<\/p>\n<\/div>\n<div><\/div>\n<p>&nbsp;<\/p>\n","protected":false},"excerpt":{"rendered":"<p>EFE SAN JUAN, Puerto Rico Las autoridades puertorrique\u00f1as insistieron hoy en pedir medidas de prevenci\u00f3n a los ciudadanos que piensen viajar a corto plazo a Rep\u00fablica Dominicana ante los \u00faltimos casos importados de malaria del pa\u00eds vecino. La secretaria del Departamento de Salud, Ana R\u00edus Armend\u00e1riz, se\u00f1al\u00f3 a trav\u00e9s de un comunicado que es importante [&hellip;]<\/p>\n","protected":false},"author":8,"featured_media":18237,"comment_status":"open","ping_status":"open","sticky":false,"template":"","format":"standard","meta":{"footnotes":""},"categories":[40,45],"tags":[],"class_list":["post-18236","post","type-post","status-publish","format-standard","has-post-thumbnail","hentry","category-internacionales","category-salud"],"_links":{"self":[{"href":"https:\/\/2horizontes.com\/index.php?rest_route=\/wp\/v2\/posts\/18236","targetHints":{"allow":["GET"]}}],"collection":[{"href":"https:\/\/2horizontes.com\/index.php?rest_route=\/wp\/v2\/posts"}],"about":[{"href":"https:\/\/2horizontes.com\/index.php?rest_route=\/wp\/v2\/types\/post"}],"author":[{"embeddable":true,"href":"https:\/\/2horizontes.com\/index.php?rest_route=\/wp\/v2\/users\/8"}],"replies":[{"embeddable":true,"href":"https:\/\/2horizontes.com\/index.php?rest_route=%2Fwp%2Fv2%2Fcomments&post=18236"}],"version-history":[{"count":1,"href":"https:\/\/2horizontes.com\/index.php?rest_route=\/wp\/v2\/posts\/18236\/revisions"}],"predecessor-version":[{"id":18238,"href":"https:\/\/2horizontes.com\/index.php?rest_route=\/wp\/v2\/posts\/18236\/revisions\/18238"}],"wp:featuredmedia":[{"embeddable":true,"href":"https:\/\/2horizontes.com\/index.php?rest_route=\/wp\/v2\/media\/18237"}],"wp:attachment":[{"href":"https:\/\/2horizontes.com\/index.php?rest_route=%2Fwp%2Fv2%2Fmedia&parent=18236"}],"wp:term":[{"taxonomy":"category","embeddable":true,"href":"https:\/\/2horizontes.com\/index.php?rest_route=%2Fwp%2Fv2%2Fcategories&post=18236"},{"taxonomy":"post_tag","embeddable":true,"href":"https:\/\/2horizontes.com\/index.php?rest_route=%2Fwp%2Fv2%2Ftags&post=18236"}],"curies":[{"name":"wp","href":"https:\/\/api.w.org\/{rel}","templated":true}]}}