{"id":18233,"date":"2015-07-29T03:51:05","date_gmt":"2015-07-29T02:51:05","guid":{"rendered":"http:\/\/2horizontes.com\/?p=18233"},"modified":"2015-07-29T03:51:05","modified_gmt":"2015-07-29T02:51:05","slug":"denuncian-incautaciones-sospechosas-y-arbitrarias-de-bocinas-de-vehiculos-rd","status":"publish","type":"post","link":"https:\/\/2horizontes.com\/?p=18233","title":{"rendered":"Denuncian incautaciones \u201csospechosas y arbitrarias\u201d de bocinas de veh\u00edculos RD"},"content":{"rendered":"<p>RD-SANTO DOMINGO-La Federaci\u00f3n Dominicana de Comerciantes Inc. denunci\u00f3 las \u201csospechosas y arbitrarias\u201d incautaciones por parte de la Polic\u00eda y el Ministerio P\u00fablico de bocinas a los usuarios que tienen sus veh\u00edculos preparados.<\/p>\n<p>Durante una rueda de prensa celebrada este martes, el presidente de la Federaci\u00f3n, Iv\u00e1n de Jes\u00fas Garc\u00eda, \u00a0asegur\u00f3 que hay \u201cfuncionarios\u201d encargados de velar por el cumplimiento de la Ley 287-04 que se est\u00e1n aprovechando de las incautaciones y est\u00e1n haciendo su negocio.<\/p>\n<p>\u201cAl parecer algunos miembros de la Polic\u00eda y el Ministerio Publico\u2026 Est\u00e1n presionando a los conductores muchas veces con equipos de m\u00fasicas apagados.\u00a0 Lo detienen y cuando observan que tienen cajones de m\u00fasica le dicen \u00b4si no nos busca lo de nosotros te lo incautamos\u201d, narr\u00f3.<\/p>\n<p>Tambi\u00e9n denunci\u00f3 que incluso se ha llegado a la pr\u00e1ctica de extraer los equipos y solo destruir los cajones de m\u00fasica incautados. De acuerdo con el presidente de la Federaci\u00f3n, el fin es vender las bocinas que han quedado en manos de las autoridades responsables de velar por la referida Ley\u00a0sobre\u00a0Prevenci\u00f3n, supresi\u00f3n y limitaci\u00f3n de ruidos nocivos y molestos.<\/p>\n<p>\u201cEst\u00e1n cobrando sumas escandalosas por estas multas que llegan hasta 3 mil salarios m\u00ednimos. O sea est\u00e1n pidiendo hasta 30 millones de pesos para que una persona reciba su equipo\u201d, asegur\u00f3.<\/p>\n<p>Dijo que la funci\u00f3n de la Federaci\u00f3n es actuar junto a las autoridades para sacar la m\u00fasica de alto volumen de las calles, para defender \u201cel derecho al sue\u00f1o y la tranquilidad\u201d. Por ello, insisti\u00f3 en la creaci\u00f3n de zonas de tolerancia musical, que seg\u00fan De Jes\u00fas terminar\u00e1 con la contaminaci\u00f3n ac\u00fastica.<\/p>\n<p>Esta federaci\u00f3n es una de las que promueve la creaci\u00f3n de espacios exclusivos para escuchar m\u00fasica desde veh\u00edculos y para la promoci\u00f3n de competencias de este tipo.<\/p>\n<p>\u201cCon la uni\u00f3n del comercio y las autoridades estamos seguros que sacaremos la m\u00fasica de alto volumen de las calles. No a las incautaciones caprichosas, no a las multas ilegales y no a los chantajes de algunos miembros de instrucci\u00f3n represiva de la Ley\u00a0287-04\u201d, puntualiz\u00f3 De Jes\u00fas.<\/p>\n<p>Tambi\u00e9n destac\u00f3 que las p\u00e9rdidas a los usuarios ya son millonarias y que seis tiendas de ventas de equipo de m\u00fasica de la calle 30 de Marzo de la capital, que es la zona tradicional donde se encuentran este tipo de local, han quebrado.<\/p>\n<p>&nbsp;<\/p>\n","protected":false},"excerpt":{"rendered":"<p>RD-SANTO DOMINGO-La Federaci\u00f3n Dominicana de Comerciantes Inc. denunci\u00f3 las \u201csospechosas y arbitrarias\u201d incautaciones por parte de la Polic\u00eda y el Ministerio P\u00fablico de bocinas a los usuarios que tienen sus veh\u00edculos preparados. Durante una rueda de prensa celebrada este martes, el presidente de la Federaci\u00f3n, Iv\u00e1n de Jes\u00fas Garc\u00eda, \u00a0asegur\u00f3 que hay \u201cfuncionarios\u201d encargados de [&hellip;]<\/p>\n","protected":false},"author":8,"featured_media":18234,"comment_status":"open","ping_status":"open","sticky":false,"template":"","format":"standard","meta":{"footnotes":""},"categories":[44],"tags":[],"class_list":["post-18233","post","type-post","status-publish","format-standard","has-post-thumbnail","hentry","category-republica-dominicana"],"_links":{"self":[{"href":"https:\/\/2horizontes.com\/index.php?rest_route=\/wp\/v2\/posts\/18233","targetHints":{"allow":["GET"]}}],"collection":[{"href":"https:\/\/2horizontes.com\/index.php?rest_route=\/wp\/v2\/posts"}],"about":[{"href":"https:\/\/2horizontes.com\/index.php?rest_route=\/wp\/v2\/types\/post"}],"author":[{"embeddable":true,"href":"https:\/\/2horizontes.com\/index.php?rest_route=\/wp\/v2\/users\/8"}],"replies":[{"embeddable":true,"href":"https:\/\/2horizontes.com\/index.php?rest_route=%2Fwp%2Fv2%2Fcomments&post=18233"}],"version-history":[{"count":1,"href":"https:\/\/2horizontes.com\/index.php?rest_route=\/wp\/v2\/posts\/18233\/revisions"}],"predecessor-version":[{"id":18235,"href":"https:\/\/2horizontes.com\/index.php?rest_route=\/wp\/v2\/posts\/18233\/revisions\/18235"}],"wp:featuredmedia":[{"embeddable":true,"href":"https:\/\/2horizontes.com\/index.php?rest_route=\/wp\/v2\/media\/18234"}],"wp:attachment":[{"href":"https:\/\/2horizontes.com\/index.php?rest_route=%2Fwp%2Fv2%2Fmedia&parent=18233"}],"wp:term":[{"taxonomy":"category","embeddable":true,"href":"https:\/\/2horizontes.com\/index.php?rest_route=%2Fwp%2Fv2%2Fcategories&post=18233"},{"taxonomy":"post_tag","embeddable":true,"href":"https:\/\/2horizontes.com\/index.php?rest_route=%2Fwp%2Fv2%2Ftags&post=18233"}],"curies":[{"name":"wp","href":"https:\/\/api.w.org\/{rel}","templated":true}]}}