{"id":1810,"date":"2014-09-09T01:07:23","date_gmt":"2014-09-09T01:07:23","guid":{"rendered":"http:\/\/2horizontes.com\/?p=1810"},"modified":"2014-09-09T01:07:23","modified_gmt":"2014-09-09T01:07:23","slug":"los-duques-de-cambridge-esperan-su-segundo-hijo","status":"publish","type":"post","link":"https:\/\/2horizontes.com\/?p=1810","title":{"rendered":"Los duques de Cambridge esperan su segundo hijo"},"content":{"rendered":"<div id=\"ArticleSourceDiv\" class=\"article-body-author\" style=\"margin-top: 0;\">\n<div id=\"attachment_1811\" style=\"width: 214px\" class=\"wp-caption alignleft\"><a href=\"http:\/\/2horizontes.com\/wp-content\/uploads\/2014\/09\/duques-de-cambrig.jpeg\"><img loading=\"lazy\" decoding=\"async\" aria-describedby=\"caption-attachment-1811\" class=\"wp-image-1811 size-medium\" src=\"http:\/\/2horizontes.com\/wp-content\/uploads\/2014\/09\/duques-de-cambrig-204x300.jpeg\" alt=\"duques de cambrig\" width=\"204\" height=\"300\" srcset=\"https:\/\/2horizontes.com\/wp-content\/uploads\/2014\/09\/duques-de-cambrig-204x300.jpeg 204w, https:\/\/2horizontes.com\/wp-content\/uploads\/2014\/09\/duques-de-cambrig.jpeg 314w\" sizes=\"auto, (max-width: 204px) 100vw, 204px\" \/><\/a><p id=\"caption-attachment-1811\" class=\"wp-caption-text\">Fotograf\u00eda de archivo tomada el 23 de abril de 2013 que muestra a la duquesa Catalina embarazada de su primer hijo, el pr\u00edncipe Jorge. Foto AP.<\/p><\/div>\n<p><b>EFE. Londre.- <\/b>Los duques de Cambridge, Guillermo y Catalina, est\u00e1n esperando su segundo hijo, que ser\u00e1 cuarto en la l\u00ednea de sucesi\u00f3n al trono brit\u00e1nico, anunci\u00f3 hoy un portavoz oficial.<\/div>\n<div id=\"ArticleBody\" style=\"margin-top: 10px;\">\n<p>&nbsp;<\/p>\n<p>Catalina, que fue hospitalizada por su primer embarazo por v\u00f3mitos y mareos, sufre tambi\u00e9n fuertes n\u00e1useas en este segundo embarazo y est\u00e1 siendo atendida por los m\u00e9dicos en su residencia del palacio de Kensington, en Londres, por lo que ha cancelado una actividad oficial prevista para hoy en Oxford (sur de Inglaterra).<\/p>\n<p>&nbsp;<\/p>\n<p>Guillermo y Catalina, ambos de 32 a\u00f1os, son padres del pr\u00edncipe Jorge, tercero en la l\u00ednea de sucesi\u00f3n a la corona y que naci\u00f3 el 22 de julio de 2013 en Londres.<\/p>\n<p>&nbsp;<\/p>\n<p>La pareja, que se cas\u00f3 el 29 de abril de 2011 en una espectacular boda real que recorri\u00f3 las calles de Londres, est\u00e1 \u00abencantada\u00bb de comunicar la feliz noticia, seg\u00fan Clarence House, su portavoz oficial.<\/p>\n<p>&nbsp;<\/p>\n<p>La reina Isabel II, de 88 a\u00f1os y abuela del pr\u00edncipe Guillermo, as\u00ed como el resto de la familia real brit\u00e1nica y los parientes de Catalina est\u00e1n tambi\u00e9n \u00abencantados\u00bb con este nuevo embarazo, de acuerdo con el palacio de Kensington.<\/p>\n<p>&nbsp;<\/p>\n<p>\u00abSus altezas reales los duques de Cambridge est\u00e1n muy felices de anunciar que la duquesa de Cambridge espera su segundo hijo\u00bb, se\u00f1al\u00f3 un sucinto comunicado.<\/p>\n<p>&nbsp;<\/p>\n<p>El primer ministro brit\u00e1nico, el conservador David Cameron, transmiti\u00f3 sus felicitaciones a la pareja.<\/p>\n<p>&nbsp;<\/p>\n<p>\u00abMuchas felicidades al duque y la duquesa de Cambridge. Estoy encantado con la feliz noticia de que est\u00e1n esperando otro ni\u00f1o\u00bb, indic\u00f3 el \u00abpremier\u00bb.<\/p>\n<p>&nbsp;<\/p>\n<p>Catalina (Kate Middleton de soltera) tuvo un primer embarazo complicado que la llev\u00f3 a estar hospitalizada durante tres d\u00edas en Londres por sufrir hyperemesis gravidarum, caracterizada por v\u00f3mitos y mareos que le hac\u00edan necesitar m\u00e1s hidrataci\u00f3n y nutrientes.<\/p>\n<p>&nbsp;<\/p>\n<p>La duquesa de Cambridge ten\u00eda previsto realizar a finales de este mes su primer viaje oficial en solitario, a la isla de Malta, que podr\u00eda ser suspendido si persiste el malestar durante su segundo embarazo.<\/p>\n<\/div>\n","protected":false},"excerpt":{"rendered":"<p>EFE. Londre.- Los duques de Cambridge, Guillermo y Catalina, est\u00e1n esperando su segundo hijo, que ser\u00e1 cuarto en la l\u00ednea de sucesi\u00f3n al trono brit\u00e1nico, anunci\u00f3 hoy un portavoz oficial. &nbsp; Catalina, que fue hospitalizada por su primer embarazo por v\u00f3mitos y mareos, sufre tambi\u00e9n fuertes n\u00e1useas en este segundo embarazo y est\u00e1 siendo atendida [&hellip;]<\/p>\n","protected":false},"author":1,"featured_media":0,"comment_status":"open","ping_status":"open","sticky":false,"template":"","format":"standard","meta":{"footnotes":""},"categories":[1],"tags":[],"class_list":["post-1810","post","type-post","status-publish","format-standard","hentry","category-entretenimiento"],"_links":{"self":[{"href":"https:\/\/2horizontes.com\/index.php?rest_route=\/wp\/v2\/posts\/1810","targetHints":{"allow":["GET"]}}],"collection":[{"href":"https:\/\/2horizontes.com\/index.php?rest_route=\/wp\/v2\/posts"}],"about":[{"href":"https:\/\/2horizontes.com\/index.php?rest_route=\/wp\/v2\/types\/post"}],"author":[{"embeddable":true,"href":"https:\/\/2horizontes.com\/index.php?rest_route=\/wp\/v2\/users\/1"}],"replies":[{"embeddable":true,"href":"https:\/\/2horizontes.com\/index.php?rest_route=%2Fwp%2Fv2%2Fcomments&post=1810"}],"version-history":[{"count":1,"href":"https:\/\/2horizontes.com\/index.php?rest_route=\/wp\/v2\/posts\/1810\/revisions"}],"predecessor-version":[{"id":1812,"href":"https:\/\/2horizontes.com\/index.php?rest_route=\/wp\/v2\/posts\/1810\/revisions\/1812"}],"wp:attachment":[{"href":"https:\/\/2horizontes.com\/index.php?rest_route=%2Fwp%2Fv2%2Fmedia&parent=1810"}],"wp:term":[{"taxonomy":"category","embeddable":true,"href":"https:\/\/2horizontes.com\/index.php?rest_route=%2Fwp%2Fv2%2Fcategories&post=1810"},{"taxonomy":"post_tag","embeddable":true,"href":"https:\/\/2horizontes.com\/index.php?rest_route=%2Fwp%2Fv2%2Ftags&post=1810"}],"curies":[{"name":"wp","href":"https:\/\/api.w.org\/{rel}","templated":true}]}}