{"id":18081,"date":"2015-07-28T11:31:49","date_gmt":"2015-07-28T10:31:49","guid":{"rendered":"http:\/\/2horizontes.com\/?p=18081"},"modified":"2015-07-28T11:31:49","modified_gmt":"2015-07-28T10:31:49","slug":"nadal-reaparece-en-hamburgo","status":"publish","type":"post","link":"https:\/\/2horizontes.com\/?p=18081","title":{"rendered":"Nadal reaparece en Hamburgo"},"content":{"rendered":"<p>Se lo cuestiona el propio Rafael Nadal, a trav\u00e9s de una fotograf\u00eda en la que aparece entrenando sobre la arcilla de Hamburgo, con un cielo gris y nuboso: \u201c\u00bfInvierno o verano?\u201d. La instant\u00e1nea del escenario donde el espa\u00f1ol regresa al circuito es la s\u00edntesis de lo que ha sido y lo que ha de ser, de una temporada en la que el n\u00famero 10 del mundo ha conocido una nueva realidad, la fr\u00eda vida en la derrota, y en la que lucha consigo mismo para que vuelva a asomar la luz c\u00e1lida del sol y las victorias.<\/p>\n<p>Este a\u00f1o, Nadal solo ha levantado dos trofeos \u2013Buenos Aires y Stuttgart, ambos de categor\u00eda 250\u2013 y ha completado un primer semestre (cuartos de Australia y Roland Garros, segunda ronda de Wimbledon) en el que se ha llevado no pocos sinsabores. \u201cHe perdido m\u00e1s en seis meses que en los \u00faltimos 10 a\u00f1os\u201d, admit\u00eda el domingo, en la conferencia previa a un torneo que le servir\u00e1 de lanzadera antes de la gira norteamericana de pista r\u00e1pida (Montreal y Cincinnati), previa al US Open (del 31 de agosto al 13 de septiembre).<\/p>\n<p>La segunda mitad del curso, sin embargo, le ofrece una buena perspectiva. Al no haber acumulado puntos en este tramo durante 2014, como consecuencia de las lesiones, ahora dispone de una buena oportunidad para ir sumando y escalando posiciones en el r\u00e1nking. Pese a que hoy d\u00eda quede como un objetivo lejano, necesita situarse entre los ocho mejores del circuito para poder disputar la Copa de Maestros, el pr\u00f3ximo mes de noviembre.<\/p>\n<p>\u201cEl cuerpo me pide jugar. Es obvio que ahora la situaci\u00f3n es diferente, pero hay que aceptarla. Tengo que afrontarla con una buena actitud y seguir trabajando para volver a estar a un buen nivel\u201d, se\u00f1al\u00f3 Nadal, que no participaba en Hamburgo desde 2008; entonces, bati\u00f3 en la final al suizo Roger Federer, que un a\u00f1o antes le hab\u00eda vencido. Cuatro m\u00e1s atr\u00e1s, en 2003, el torneo alem\u00e1n acogi\u00f3 el estreno oficial del espa\u00f1ol en la ATP.<\/p>\n","protected":false},"excerpt":{"rendered":"<p>Se lo cuestiona el propio Rafael Nadal, a trav\u00e9s de una fotograf\u00eda en la que aparece entrenando sobre la arcilla de Hamburgo, con un cielo gris y nuboso: \u201c\u00bfInvierno o verano?\u201d. La instant\u00e1nea del escenario donde el espa\u00f1ol regresa al circuito es la s\u00edntesis de lo que ha sido y lo que ha de ser, [&hellip;]<\/p>\n","protected":false},"author":3,"featured_media":18082,"comment_status":"open","ping_status":"open","sticky":false,"template":"","format":"standard","meta":{"footnotes":""},"categories":[42],"tags":[],"class_list":["post-18081","post","type-post","status-publish","format-standard","has-post-thumbnail","hentry","category-deportes"],"_links":{"self":[{"href":"https:\/\/2horizontes.com\/index.php?rest_route=\/wp\/v2\/posts\/18081","targetHints":{"allow":["GET"]}}],"collection":[{"href":"https:\/\/2horizontes.com\/index.php?rest_route=\/wp\/v2\/posts"}],"about":[{"href":"https:\/\/2horizontes.com\/index.php?rest_route=\/wp\/v2\/types\/post"}],"author":[{"embeddable":true,"href":"https:\/\/2horizontes.com\/index.php?rest_route=\/wp\/v2\/users\/3"}],"replies":[{"embeddable":true,"href":"https:\/\/2horizontes.com\/index.php?rest_route=%2Fwp%2Fv2%2Fcomments&post=18081"}],"version-history":[{"count":1,"href":"https:\/\/2horizontes.com\/index.php?rest_route=\/wp\/v2\/posts\/18081\/revisions"}],"predecessor-version":[{"id":18084,"href":"https:\/\/2horizontes.com\/index.php?rest_route=\/wp\/v2\/posts\/18081\/revisions\/18084"}],"wp:featuredmedia":[{"embeddable":true,"href":"https:\/\/2horizontes.com\/index.php?rest_route=\/wp\/v2\/media\/18082"}],"wp:attachment":[{"href":"https:\/\/2horizontes.com\/index.php?rest_route=%2Fwp%2Fv2%2Fmedia&parent=18081"}],"wp:term":[{"taxonomy":"category","embeddable":true,"href":"https:\/\/2horizontes.com\/index.php?rest_route=%2Fwp%2Fv2%2Fcategories&post=18081"},{"taxonomy":"post_tag","embeddable":true,"href":"https:\/\/2horizontes.com\/index.php?rest_route=%2Fwp%2Fv2%2Ftags&post=18081"}],"curies":[{"name":"wp","href":"https:\/\/api.w.org\/{rel}","templated":true}]}}