{"id":18073,"date":"2015-07-28T11:28:25","date_gmt":"2015-07-28T10:28:25","guid":{"rendered":"http:\/\/2horizontes.com\/?p=18073"},"modified":"2015-07-28T11:28:25","modified_gmt":"2015-07-28T10:28:25","slug":"orden-de-liberacion-de-ninos-indocumentados-genera-incertidumbre-en-ee-uu","status":"publish","type":"post","link":"https:\/\/2horizontes.com\/?p=18073","title":{"rendered":"Orden de liberaci\u00f3n de ni\u00f1os indocumentados genera incertidumbre en EE.UU."},"content":{"rendered":"<div id=\"ArticleAuthorDiv\" class=\"article-body-author\"><b>EFE<\/b><\/div>\n<div id=\"ArticleSourceDiv\" class=\"article-body-author\"><b>Los \u00c1ngeles (EE.UU.)<\/b><\/div>\n<div id=\"ArticleBody\">\n<p>La orden de una jueza de California (EE.UU.) de liberar a ni\u00f1os inmigrantes deja muchos interrogantes sobre los pasos a seguir y el futuro de los menores, mientras uno de los abogados demandantes asegura que el problema se ha trasladado a la frontera entre M\u00e9xico y Guatemala por presi\u00f3n de Estados Unidos.<\/p>\n<p>El fallo no resuelve el problema de los menores que buscan refugio en el pa\u00eds, expres\u00f3 ayer a Efe Carlos Holgu\u00edn, abogado del Centro de Derechos Humanos de Los \u00c1ngeles, la organizaci\u00f3n cuya demanda motiv\u00f3 la decisi\u00f3n de la jueza.<\/p>\n<p>\u00abEste es el resultado de la pol\u00edtica del Gobierno que comenz\u00f3 hace un a\u00f1o en respuesta al flujo de menores centroamericanos y sus familias que llegaron a Estados Unidos, especialmente a Texas\u00bb, agreg\u00f3.<\/p>\n<p>La magistrada Dolly Gee rechaz\u00f3 el viernes pasado los argumentos del Gobierno federal para mantener detenidas a las familias inmigrantes centroamericanas en dos centros en Texas y orden\u00f3 que fueran dejadas en libertad.<\/p>\n<p>\u00abEstados Unidos ha trasladado la frontera m\u00e9xico-estadounidense hasta la frontera de M\u00e9xico con Guatemala\u00bb, argument\u00f3.<\/p>\n<p>Seg\u00fan el jurista, \u00abbajo presi\u00f3n de Estados Unidos el Gobierno mexicano ya est\u00e1 deteniendo a los refugiados centroamericanos en el estado de Chiapas y rebajando la cantidad de refugiados que logra llegar a Estados Unidos\u00bb.<\/p>\n<p>La magistrada Gee se\u00f1al\u00f3 que la detenci\u00f3n de estos indocumentados viola el acuerdo jur\u00eddico \u00abFlores\u00bb de 1997, que desde entonces ha regido el trato legal que deben tener los menores inmigrantes aprehendidos en la frontera.<\/p>\n<p>Aunque el Departamento de Seguridad Nacional de Estados Unidos anunci\u00f3 que revisar\u00e1 la decisi\u00f3n de la jueza \u00aben consulta con el Departamento de Justicia\u00bb y que responder\u00e1 sobre la justificaci\u00f3n de los centros de detenci\u00f3n en el plazo establecido por Gee, no est\u00e1 claro si apelar\u00e1 el fallo.<\/p>\n<p>Mientras, grupos proinmigrantes se\u00f1alaron que se abre una importante necesidad de servicios jur\u00eddicos para estos menores en caso de que cumplido el plazo de tres meses establecido por la jueza sean liberados.<\/p>\n<p>\u00abEstamos investigando c\u00f3mo buscar fondos y recursos para poder representar a estas mujeres y ni\u00f1os porque las personas que van a poder salir tienen posibilidades de un caso de asilo\u00bb, explic\u00f3 a Efe Martha Ar\u00e9valo, directora del Centro de Recursos Centroamericanos (Carecen).<\/p>\n<p>La activista considera que todo el esfuerzo realizado hasta el momento por las organizaciones de derechos humanos para defender a los menores indocumentados considerados como casos de asilo pol\u00edtico, puede perderse si no reciben ayuda legal una vez est\u00e9n libres.<\/p>\n<p>La mayor\u00eda de estos menores carece de recursos suficientes para buscar por s\u00ed mismos una asesor\u00eda legal y las organizaciones que la brindan no cuentan con los recursos suficientes para atenderlos, precis\u00f3 Ar\u00e9valo.<\/p>\n<p>Al destacar la grave situaci\u00f3n de violencia y de amenazas contra su vida que sufren estos j\u00f3venes en Centroam\u00e9rica, especialmente por acci\u00f3n de las pandillas, Holgu\u00edn considera que los menores indocumentados \u00abno tienen otra alternativa que huir de sus pa\u00edses, donde est\u00e1n viviendo una pesadilla incre\u00edble\u00bb.<\/p>\n<p>\u00abEs una verg\u00fcenza nacional e internacional el tratamiento y el maltrato a los refugiados centroamericanos\u00bb, concluy\u00f3.<\/p>\n<p>Durante el a\u00f1o fiscal 2014 (del 1 de octubre de 2013 al 30 de septiembre de 2014), 68.641 menores sin acompa\u00f1ante, en su mayor\u00eda procedentes de El Salvador, Honduras y Guatemala, cruzaron la frontera de Estados Unidos, seg\u00fan cifras del Departamento de Seguridad Nacional (DHS).<\/p>\n<\/div>\n","protected":false},"excerpt":{"rendered":"<p>EFE Los \u00c1ngeles (EE.UU.) La orden de una jueza de California (EE.UU.) de liberar a ni\u00f1os inmigrantes deja muchos interrogantes sobre los pasos a seguir y el futuro de los menores, mientras uno de los abogados demandantes asegura que el problema se ha trasladado a la frontera entre M\u00e9xico y Guatemala por presi\u00f3n de Estados [&hellip;]<\/p>\n","protected":false},"author":7,"featured_media":18076,"comment_status":"open","ping_status":"open","sticky":false,"template":"","format":"standard","meta":{"footnotes":""},"categories":[54,40],"tags":[],"class_list":["post-18073","post","type-post","status-publish","format-standard","has-post-thumbnail","hentry","category-emigrantes","category-internacionales"],"_links":{"self":[{"href":"https:\/\/2horizontes.com\/index.php?rest_route=\/wp\/v2\/posts\/18073","targetHints":{"allow":["GET"]}}],"collection":[{"href":"https:\/\/2horizontes.com\/index.php?rest_route=\/wp\/v2\/posts"}],"about":[{"href":"https:\/\/2horizontes.com\/index.php?rest_route=\/wp\/v2\/types\/post"}],"author":[{"embeddable":true,"href":"https:\/\/2horizontes.com\/index.php?rest_route=\/wp\/v2\/users\/7"}],"replies":[{"embeddable":true,"href":"https:\/\/2horizontes.com\/index.php?rest_route=%2Fwp%2Fv2%2Fcomments&post=18073"}],"version-history":[{"count":1,"href":"https:\/\/2horizontes.com\/index.php?rest_route=\/wp\/v2\/posts\/18073\/revisions"}],"predecessor-version":[{"id":18079,"href":"https:\/\/2horizontes.com\/index.php?rest_route=\/wp\/v2\/posts\/18073\/revisions\/18079"}],"wp:featuredmedia":[{"embeddable":true,"href":"https:\/\/2horizontes.com\/index.php?rest_route=\/wp\/v2\/media\/18076"}],"wp:attachment":[{"href":"https:\/\/2horizontes.com\/index.php?rest_route=%2Fwp%2Fv2%2Fmedia&parent=18073"}],"wp:term":[{"taxonomy":"category","embeddable":true,"href":"https:\/\/2horizontes.com\/index.php?rest_route=%2Fwp%2Fv2%2Fcategories&post=18073"},{"taxonomy":"post_tag","embeddable":true,"href":"https:\/\/2horizontes.com\/index.php?rest_route=%2Fwp%2Fv2%2Ftags&post=18073"}],"curies":[{"name":"wp","href":"https:\/\/api.w.org\/{rel}","templated":true}]}}