{"id":18062,"date":"2015-07-28T11:22:55","date_gmt":"2015-07-28T10:22:55","guid":{"rendered":"http:\/\/2horizontes.com\/?p=18062"},"modified":"2015-07-28T11:24:14","modified_gmt":"2015-07-28T10:24:14","slug":"el-ministerio-de-asuntos-exteriores-de-espana-llama-al-enviado-venezolano-tras-insultos","status":"publish","type":"post","link":"https:\/\/2horizontes.com\/?p=18062","title":{"rendered":"Ministerio de Asuntos Exteriores de Espa\u00f1a llama al enviado venezolano tras insultos"},"content":{"rendered":"<div id=\"ArticleAuthorDiv\" class=\"article-body-author\"><b>AFP<\/b><\/div>\n<div id=\"ArticleSourceDiv\" class=\"article-body-author\"><b>Madrid<\/b><\/div>\n<div id=\"ArticleBody\">\n<p>El ministerio de Asuntos Exteriores espa\u00f1ol convoc\u00f3 ayer lunes al embajador de Venezuela en Espa\u00f1a para trasladarle su malestar \u201cpor los inaceptables insultos\u201d del presidente de Venezuela, Nicol\u00e1s Maduro, quien llam\u00f3 \u201csicario\u201d al jefe de gobierno espa\u00f1ol, Mariano Rajoy.<\/p>\n<p>\u201cEl gobierno espa\u00f1ol lamenta que el presidente de la Rep\u00fablica Bolivariana de Venezuela recurra reiteradamente a afirmaciones irrespetuosas\u201d, se\u00f1al\u00f3 el ministerio en un comunicado un d\u00eda despu\u00e9s de las declaraciones de Maduro.<\/p>\n<p>\u201cRajoy es un sicario del pueblo\u201d, dijo el presidente venezolano en una alocuci\u00f3n televisada donde hablaba de una ley de seguridad y orden p\u00fablico aprobada por Madrid conocida como \u201cley mordaza\u201d y muy discutida por la oposici\u00f3n que la considera un ataque a la libertad de expresi\u00f3n.<\/p>\n<\/div>\n","protected":false},"excerpt":{"rendered":"<p>AFP Madrid El ministerio de Asuntos Exteriores espa\u00f1ol convoc\u00f3 ayer lunes al embajador de Venezuela en Espa\u00f1a para trasladarle su malestar \u201cpor los inaceptables insultos\u201d del presidente de Venezuela, Nicol\u00e1s Maduro, quien llam\u00f3 \u201csicario\u201d al jefe de gobierno espa\u00f1ol, Mariano Rajoy. \u201cEl gobierno espa\u00f1ol lamenta que el presidente de la Rep\u00fablica Bolivariana de Venezuela recurra [&hellip;]<\/p>\n","protected":false},"author":7,"featured_media":18067,"comment_status":"open","ping_status":"open","sticky":false,"template":"","format":"standard","meta":{"footnotes":""},"categories":[85,86,40,43,48],"tags":[],"class_list":["post-18062","post","type-post","status-publish","format-standard","has-post-thumbnail","hentry","category-espana","category-europa","category-internacionales","category-politica","category-venezuela"],"_links":{"self":[{"href":"https:\/\/2horizontes.com\/index.php?rest_route=\/wp\/v2\/posts\/18062","targetHints":{"allow":["GET"]}}],"collection":[{"href":"https:\/\/2horizontes.com\/index.php?rest_route=\/wp\/v2\/posts"}],"about":[{"href":"https:\/\/2horizontes.com\/index.php?rest_route=\/wp\/v2\/types\/post"}],"author":[{"embeddable":true,"href":"https:\/\/2horizontes.com\/index.php?rest_route=\/wp\/v2\/users\/7"}],"replies":[{"embeddable":true,"href":"https:\/\/2horizontes.com\/index.php?rest_route=%2Fwp%2Fv2%2Fcomments&post=18062"}],"version-history":[{"count":2,"href":"https:\/\/2horizontes.com\/index.php?rest_route=\/wp\/v2\/posts\/18062\/revisions"}],"predecessor-version":[{"id":18070,"href":"https:\/\/2horizontes.com\/index.php?rest_route=\/wp\/v2\/posts\/18062\/revisions\/18070"}],"wp:featuredmedia":[{"embeddable":true,"href":"https:\/\/2horizontes.com\/index.php?rest_route=\/wp\/v2\/media\/18067"}],"wp:attachment":[{"href":"https:\/\/2horizontes.com\/index.php?rest_route=%2Fwp%2Fv2%2Fmedia&parent=18062"}],"wp:term":[{"taxonomy":"category","embeddable":true,"href":"https:\/\/2horizontes.com\/index.php?rest_route=%2Fwp%2Fv2%2Fcategories&post=18062"},{"taxonomy":"post_tag","embeddable":true,"href":"https:\/\/2horizontes.com\/index.php?rest_route=%2Fwp%2Fv2%2Ftags&post=18062"}],"curies":[{"name":"wp","href":"https:\/\/api.w.org\/{rel}","templated":true}]}}