{"id":18059,"date":"2015-07-28T11:15:57","date_gmt":"2015-07-28T10:15:57","guid":{"rendered":"http:\/\/2horizontes.com\/?p=18059"},"modified":"2015-07-28T11:15:57","modified_gmt":"2015-07-28T10:15:57","slug":"informe-cuba-ya-no-trafica-con-personas","status":"publish","type":"post","link":"https:\/\/2horizontes.com\/?p=18059","title":{"rendered":"Informe: Cuba ya no trafica con personas"},"content":{"rendered":"<div id=\"ArticleAuthorDiv\" class=\"article-body-author\"><b>AFP<\/b><\/div>\n<div id=\"ArticleSourceDiv\" class=\"article-body-author\"><b>Washington<\/b><\/div>\n<div id=\"ArticleBody\">\n<p>Estados Unidos reconoci\u00f3 ayer lunes los avances de Cuba para combatir el tr\u00e1fico de personas, pero acus\u00f3 a Venezuela de esfuerzos insuficientes contra este azote que el Departamento de Estado denunci\u00f3 como \u201cesclavitud moderna\u201d.<\/p>\n<p>La isla comunista, que ocupaba el s\u00f3tano de la clasificaci\u00f3n desde 2003, fue ascendida una categor\u00eda a \u201clista de observaci\u00f3n\u201d, en un informe anual de la diplomacia estadounidense develado por el secretario de Estado John Kerry.<\/p>\n<p>Unos cuarenta pa\u00edses ocupan la \u201clista de observaci\u00f3n\u201d, categor\u00eda designada para los gobiernos que hacen esfuerzos para cumplir con las normas internacionales contra el tr\u00e1fico de personas, pero exhiben poca evidencia de avances o el n\u00famero de v\u00edctimas es a\u00fan significativo, indica el informe de 382 p\u00e1ginas.<\/p>\n<p>Seg\u00fan el documento del Departamento de Estado, ni\u00f1os y adultos son sujetos a tr\u00e1fico sexual y trabajo forzado en Cuba, incluyendo denuncias de m\u00e9dicos obligados a participar en los programas de cooperaci\u00f3n internacional.<\/p>\n<p>La subsecretaria de Estado para Derechos Humanos, Sarah Sewell, reconoci\u00f3 que Washington sigue preocupado de que el gobierno cubano omite reconocer el trabajo forzado como un problema, pero destac\u00f3 los \u201cavances\u201d de La Habana.<\/p>\n<\/div>\n","protected":false},"excerpt":{"rendered":"<p>AFP Washington Estados Unidos reconoci\u00f3 ayer lunes los avances de Cuba para combatir el tr\u00e1fico de personas, pero acus\u00f3 a Venezuela de esfuerzos insuficientes contra este azote que el Departamento de Estado denunci\u00f3 como \u201cesclavitud moderna\u201d. La isla comunista, que ocupaba el s\u00f3tano de la clasificaci\u00f3n desde 2003, fue ascendida una categor\u00eda a \u201clista de [&hellip;]<\/p>\n","protected":false},"author":7,"featured_media":18060,"comment_status":"open","ping_status":"open","sticky":false,"template":"","format":"standard","meta":{"footnotes":""},"categories":[49,40],"tags":[],"class_list":["post-18059","post","type-post","status-publish","format-standard","has-post-thumbnail","hentry","category-cuba","category-internacionales"],"_links":{"self":[{"href":"https:\/\/2horizontes.com\/index.php?rest_route=\/wp\/v2\/posts\/18059","targetHints":{"allow":["GET"]}}],"collection":[{"href":"https:\/\/2horizontes.com\/index.php?rest_route=\/wp\/v2\/posts"}],"about":[{"href":"https:\/\/2horizontes.com\/index.php?rest_route=\/wp\/v2\/types\/post"}],"author":[{"embeddable":true,"href":"https:\/\/2horizontes.com\/index.php?rest_route=\/wp\/v2\/users\/7"}],"replies":[{"embeddable":true,"href":"https:\/\/2horizontes.com\/index.php?rest_route=%2Fwp%2Fv2%2Fcomments&post=18059"}],"version-history":[{"count":1,"href":"https:\/\/2horizontes.com\/index.php?rest_route=\/wp\/v2\/posts\/18059\/revisions"}],"predecessor-version":[{"id":18061,"href":"https:\/\/2horizontes.com\/index.php?rest_route=\/wp\/v2\/posts\/18059\/revisions\/18061"}],"wp:featuredmedia":[{"embeddable":true,"href":"https:\/\/2horizontes.com\/index.php?rest_route=\/wp\/v2\/media\/18060"}],"wp:attachment":[{"href":"https:\/\/2horizontes.com\/index.php?rest_route=%2Fwp%2Fv2%2Fmedia&parent=18059"}],"wp:term":[{"taxonomy":"category","embeddable":true,"href":"https:\/\/2horizontes.com\/index.php?rest_route=%2Fwp%2Fv2%2Fcategories&post=18059"},{"taxonomy":"post_tag","embeddable":true,"href":"https:\/\/2horizontes.com\/index.php?rest_route=%2Fwp%2Fv2%2Ftags&post=18059"}],"curies":[{"name":"wp","href":"https:\/\/api.w.org\/{rel}","templated":true}]}}