{"id":18051,"date":"2015-07-28T11:00:59","date_gmt":"2015-07-28T10:00:59","guid":{"rendered":"http:\/\/2horizontes.com\/?p=18051"},"modified":"2015-07-28T11:02:34","modified_gmt":"2015-07-28T10:02:34","slug":"padres-dominicanos-residentes-en-madrid-celebran-su-dia","status":"publish","type":"post","link":"https:\/\/2horizontes.com\/?p=18051","title":{"rendered":"Padres dominicanos residentes en Madrid celebran su d\u00eda"},"content":{"rendered":"<p>Madrid Espa\u00f1a.- \u00a0Padres dominicanos residentes en Madrid celebraron junto a \u00a0\u00abLa Asociaci\u00f3n\u00a0\u00a0de Padres\u00a0\u00a0y Madres Dominicano en Espa\u00f1a\u00bb\u00a0\u00a0(ASOCPAMADE). Este d\u00eda tan especial y record\u00e1ndolo como tradicion de sus ra\u00edces pero esta ves en el exterior<\/p>\n<p>Es el primer acto homenaje a los padres dominicanos\u00a0\u00a0residentes en la madre patria de Espa\u00f1a<br \/>\nEvento que tuvo lugar en el Bar Cervecer\u00eda\u00a0\u00a0100 Montaditos de la calle Bravo Murillo N\u00fam\u00a0\u00a098\u00a0\u00a0del populoso barrio Madrile\u00f1o de 4 caminos.\u00a0\u00a0Los padres\u00a0\u00a0hicieron un concurrido acto de presencia\u00a0\u00a0resaltando\u00a0\u00a0el gesto dispensado por la ASOCPAMADE.<br \/>\nLas palabras de apertura y\u00a0\u00a0bienvenida<br \/>\nEstuvo a cargo del Lic\u00a0\u00a0Rafael Olmo\u00a0\u00a0presidente de la Asociaci\u00f3n\u00a0\u00a0de padres,\u00a0\u00a0el cual expuso\u00a0\u00a0una extraordinaria Rese\u00f1a Historia,\u00a0\u00a0origen y lugar donde naci\u00f3\u00a0\u00a0el primer homenaje\u00a0\u00a0al padre\u00a0\u00a0haciendo menci\u00f3n\u00a0\u00a0de la hija SONORA SMART DODD\u00a0\u00a0 quien invent\u00f3\u00a0\u00a0\u00e9ste\u00a0\u00a0d\u00eda\u00a0\u00a0en inter\u00e9s\u00a0\u00a0de ella homenajear a su padre en el a\u00f1o 1909\u00a0\u00a0 En Washington EE.UU. pero tuvo que esperar el 19 de julio\u00a0\u00a0del 1910 para tener \u00e9xito,\u00a0\u00a0en su aspiraciones.<br \/>\nTambi\u00e9n\u00a0\u00a0se decant\u00f3\u00a0\u00a0con emotiva palabras a los presentes el pre candidato a diputado de ultramar\u00a0\u00a0por el PRSC,\u00a0\u00a0empresario Santiago\u00a0\u00a0Arias,\u00a0\u00a0 inmediatamente\u00a0\u00a0la junta directiva procedi\u00f3\u00a0\u00a0a entregar\u00a0\u00a0los reconocimientos a los siguientes\u00a0\u00a0padres<\/p>\n<p><a href=\"http:\/\/2horizontes.com\/wp-content\/uploads\/2015\/07\/234.jpg\"><img loading=\"lazy\" decoding=\"async\" class=\" size-medium wp-image-18054 alignleft\" src=\"http:\/\/2horizontes.com\/wp-content\/uploads\/2015\/07\/234-300x200.jpg\" alt=\"234\" width=\"300\" height=\"200\" srcset=\"https:\/\/2horizontes.com\/wp-content\/uploads\/2015\/07\/234-300x200.jpg 300w, https:\/\/2horizontes.com\/wp-content\/uploads\/2015\/07\/234-510x340.jpg 510w, https:\/\/2horizontes.com\/wp-content\/uploads\/2015\/07\/234.jpg 600w\" sizes=\"auto, (max-width: 300px) 100vw, 300px\" \/><\/a><\/p>\n<p>1.- Jos\u00e9\u00a0\u00a0Altagracia\u00a0\u00a0Feliz Pe\u00f1a<\/p>\n<p>2.- Ram\u00f3n\u00a0\u00a0Fabi\u00e1n\u00a0\u00a0Fabi\u00e1n<br \/>\n3.- Luis Emilio\u00a0\u00a0Matos C\u00e9spedes<br \/>\n4.- Jos\u00e9\u00a0\u00a0Antonio M\u00e9ndez\u00a0\u00a0Duncan<br \/>\n5.- Santiago\u00a0\u00a0Arias<br \/>\n6.- Miguel\u00a0\u00a0\u00d3scar\u00a0\u00a0Vargas<br \/>\n7.- H\u00e9ctor\u00a0\u00a0Manuel D\u00edaz<br \/>\n8.- Narciso Castro Feliz<br \/>\n9.- Alejandro Beltre<br \/>\n10 &#8211; Donis Mattingly Ram\u00edrez<br \/>\n11 &#8211; Eduardo Araujo<br \/>\n12 &#8211; Ronny Alexis Beltre<br \/>\nFinalmente\u00a0\u00a0concluido los reconocimientos\u00a0\u00a0y\u00a0\u00a0o\u00edda la gratitud de los premiados\u00a0\u00a0el primer\u00a0\u00a0vocal cantautor Hamlet Ram\u00edrez\u00a0\u00a0 externo la palabras de agradecimiento y cierre de actividad\u00a0\u00a0invitando a los presentes a disfrutar de un brindis.<\/p>\n","protected":false},"excerpt":{"rendered":"<p>Madrid Espa\u00f1a.- \u00a0Padres dominicanos residentes en Madrid celebraron junto a \u00a0\u00abLa Asociaci\u00f3n\u00a0\u00a0de Padres\u00a0\u00a0y Madres Dominicano en Espa\u00f1a\u00bb\u00a0\u00a0(ASOCPAMADE). Este d\u00eda tan especial y record\u00e1ndolo como tradicion de sus ra\u00edces pero esta ves en el exterior Es el primer acto homenaje a los padres dominicanos\u00a0\u00a0residentes en la madre patria de Espa\u00f1a Evento que tuvo lugar en el [&hellip;]<\/p>\n","protected":false},"author":4,"featured_media":18052,"comment_status":"open","ping_status":"open","sticky":false,"template":"","format":"standard","meta":{"footnotes":""},"categories":[62,46,54,1,85],"tags":[],"class_list":["post-18051","post","type-post","status-publish","format-standard","has-post-thumbnail","hentry","category-cultura","category-dominicanos-en-madrid","category-emigrantes","category-entretenimiento","category-espana"],"_links":{"self":[{"href":"https:\/\/2horizontes.com\/index.php?rest_route=\/wp\/v2\/posts\/18051","targetHints":{"allow":["GET"]}}],"collection":[{"href":"https:\/\/2horizontes.com\/index.php?rest_route=\/wp\/v2\/posts"}],"about":[{"href":"https:\/\/2horizontes.com\/index.php?rest_route=\/wp\/v2\/types\/post"}],"author":[{"embeddable":true,"href":"https:\/\/2horizontes.com\/index.php?rest_route=\/wp\/v2\/users\/4"}],"replies":[{"embeddable":true,"href":"https:\/\/2horizontes.com\/index.php?rest_route=%2Fwp%2Fv2%2Fcomments&post=18051"}],"version-history":[{"count":2,"href":"https:\/\/2horizontes.com\/index.php?rest_route=\/wp\/v2\/posts\/18051\/revisions"}],"predecessor-version":[{"id":18056,"href":"https:\/\/2horizontes.com\/index.php?rest_route=\/wp\/v2\/posts\/18051\/revisions\/18056"}],"wp:featuredmedia":[{"embeddable":true,"href":"https:\/\/2horizontes.com\/index.php?rest_route=\/wp\/v2\/media\/18052"}],"wp:attachment":[{"href":"https:\/\/2horizontes.com\/index.php?rest_route=%2Fwp%2Fv2%2Fmedia&parent=18051"}],"wp:term":[{"taxonomy":"category","embeddable":true,"href":"https:\/\/2horizontes.com\/index.php?rest_route=%2Fwp%2Fv2%2Fcategories&post=18051"},{"taxonomy":"post_tag","embeddable":true,"href":"https:\/\/2horizontes.com\/index.php?rest_route=%2Fwp%2Fv2%2Ftags&post=18051"}],"curies":[{"name":"wp","href":"https:\/\/api.w.org\/{rel}","templated":true}]}}