{"id":18038,"date":"2015-07-27T19:33:10","date_gmt":"2015-07-27T18:33:10","guid":{"rendered":"http:\/\/2horizontes.com\/?p=18038"},"modified":"2015-07-27T19:33:10","modified_gmt":"2015-07-27T18:33:10","slug":"encuentran-nino-herido-en-comunidad-de-loma-de-cabera","status":"publish","type":"post","link":"https:\/\/2horizontes.com\/?p=18038","title":{"rendered":"Encuentran ni\u00f1o herido en comunidad de Loma de Cabera"},"content":{"rendered":"<p><strong>RD-Loma de Cabrera.-<\/strong>\u00a0Un ni\u00f1o de \u00a0aproximadamente 9 a\u00f1os \u00a0y generales desconocidas fue encontrado desangr\u00e1ndose \u00a0con una herida en la cabeza, en la puerta de una finca en la comunidad Castellar de este municipio de la provincia Dajab\u00f3n.<\/p>\n<p>El menor fue encontrado por el propietario de la finca cuando se dispon\u00eda abandonar el lugar. Se desconoce en qu\u00e9 circunstancia result\u00f3 herido, tampoco el nombre de quien lo auxili\u00f3.<\/p>\n<p>El ni\u00f1o fue llevado por el hombre al hospital Ram\u00f3n Adriano Villalona, \u00a0de Loma de Cabrera, de \u00a0donde fue trasladado a la ciudad de Dajab\u00f3n, porque requer\u00eda de \u00a0mayores atenciones.<\/p>\n<p>Al momento de ser recogido por el propietario de la finca, el ni\u00f1o, hablaba con incoherencia por lo que fue imposible determinar su identidad, domicilio y el nombre de sus padres.<\/p>\n<p>&nbsp;<\/p>\n","protected":false},"excerpt":{"rendered":"<p>RD-Loma de Cabrera.-\u00a0Un ni\u00f1o de \u00a0aproximadamente 9 a\u00f1os \u00a0y generales desconocidas fue encontrado desangr\u00e1ndose \u00a0con una herida en la cabeza, en la puerta de una finca en la comunidad Castellar de este municipio de la provincia Dajab\u00f3n. El menor fue encontrado por el propietario de la finca cuando se dispon\u00eda abandonar el lugar. Se desconoce [&hellip;]<\/p>\n","protected":false},"author":8,"featured_media":18041,"comment_status":"open","ping_status":"open","sticky":false,"template":"","format":"standard","meta":{"footnotes":""},"categories":[53,44,45],"tags":[],"class_list":["post-18038","post","type-post","status-publish","format-standard","has-post-thumbnail","hentry","category-provincias","category-republica-dominicana","category-salud"],"_links":{"self":[{"href":"https:\/\/2horizontes.com\/index.php?rest_route=\/wp\/v2\/posts\/18038","targetHints":{"allow":["GET"]}}],"collection":[{"href":"https:\/\/2horizontes.com\/index.php?rest_route=\/wp\/v2\/posts"}],"about":[{"href":"https:\/\/2horizontes.com\/index.php?rest_route=\/wp\/v2\/types\/post"}],"author":[{"embeddable":true,"href":"https:\/\/2horizontes.com\/index.php?rest_route=\/wp\/v2\/users\/8"}],"replies":[{"embeddable":true,"href":"https:\/\/2horizontes.com\/index.php?rest_route=%2Fwp%2Fv2%2Fcomments&post=18038"}],"version-history":[{"count":1,"href":"https:\/\/2horizontes.com\/index.php?rest_route=\/wp\/v2\/posts\/18038\/revisions"}],"predecessor-version":[{"id":18043,"href":"https:\/\/2horizontes.com\/index.php?rest_route=\/wp\/v2\/posts\/18038\/revisions\/18043"}],"wp:featuredmedia":[{"embeddable":true,"href":"https:\/\/2horizontes.com\/index.php?rest_route=\/wp\/v2\/media\/18041"}],"wp:attachment":[{"href":"https:\/\/2horizontes.com\/index.php?rest_route=%2Fwp%2Fv2%2Fmedia&parent=18038"}],"wp:term":[{"taxonomy":"category","embeddable":true,"href":"https:\/\/2horizontes.com\/index.php?rest_route=%2Fwp%2Fv2%2Fcategories&post=18038"},{"taxonomy":"post_tag","embeddable":true,"href":"https:\/\/2horizontes.com\/index.php?rest_route=%2Fwp%2Fv2%2Ftags&post=18038"}],"curies":[{"name":"wp","href":"https:\/\/api.w.org\/{rel}","templated":true}]}}