{"id":18019,"date":"2015-07-27T19:05:55","date_gmt":"2015-07-27T18:05:55","guid":{"rendered":"http:\/\/2horizontes.com\/?p=18019"},"modified":"2015-07-27T19:05:55","modified_gmt":"2015-07-27T18:05:55","slug":"celebran-la-semana-mundial-de-la-lactancia-materna","status":"publish","type":"post","link":"https:\/\/2horizontes.com\/?p=18019","title":{"rendered":"Celebran la Semana Mundial de la Lactancia Materna"},"content":{"rendered":"<article class=\"contenidoArticulo\">\n<div class=\"cuerpoNoticia\">\n<p>RD- SANTO DOMINGO- La Semana Mundial de la Lactancia Materna, instaurada por la OMS y UNICEF en 1992, es actualmente el movimiento social m\u00e1s extendido en defensa de la lactancia materna. Se celebra en m\u00e1s de 120 pa\u00edses, del 1 al 7 de agosto.<\/p>\n<p>La leche materna tiene todo lo que necesita el beb\u00e9. Es tan\u00a0 nutritiva\u00a0 que el peque\u00f1o no necesita ning\u00fan otro alimento. Tiene todas las vitaminas, las grasas y las prote\u00ednas que necesita el beb\u00e9 en cantidad exacta.<\/p>\n<p>Del 1 al 7 de agosto diversas entidades realizan actividades con el objetivo de concienciar a la mujer\u00a0 sobre la importancia de amamantar, sobre todo en los primeros 6 meses de vida, ya que protege el beb\u00e9 contra infecciones, tales como la gastroenteritis o las que afectan a las v\u00edas respiratorias.<\/p>\n<p>En ese sentido, Elena Camacho, jefa de Retail de Mothercare en Rep\u00fablica Domincana,\u00a0 dijo que la entidad , con su l\u00ednea de alimentaci\u00f3n Inocense , para celebrar la Semana Mundial de la Lactancia Materna, que este a\u00f1o tiene el tema \u201cAmamantar y\u00a0 trabajar\u201d, realizar\u00e1 un foro\u00a0 el 4 de agosto,\u00a0 que se efectuar\u00e1 en el centro comercial Sambil,\u00a0 y en el que participar\u00e1n expertas como la doctora Mercedes J\u00e1quez, m\u00e9dico sex\u00f3loga y educadora sexual, quien\u00a0 hablar\u00e1 sobre c\u00f3mo debe prepararse la mujer para el momento del parto\u00a0 y los pasos a seguir para lactar de una manera correcta.<\/p>\n<p>Tambi\u00e9n participar\u00e1 la doctora Martha Nina, coordinadora\u00a0 del Programa Nacional de Lactancia Materna del Ministerio de Salud P\u00fablica y\u00a0 Yanet Olivares,\u00a0 miembro de la Liga de la Leche de Rep\u00fablica y Consultora Certificada Internacional en Lactancia Materna.<\/p>\n<p>Durante el desarrollo de la actividad tambi\u00e9n se hablar\u00e1 de los productos y accesorios\u00a0 que necesita la madre para lactar de una manera m\u00e1s c\u00f3moda. El\u00a0 s\u00e1bado primero de agosto, Mothercare\u00a0 apoyar\u00e1\u00a0 un\u00a0 evento que desarrollar\u00e1 Sambil , donde habr\u00e1 unas 300 madres lactando de manera sincronizada.<\/p>\n<\/div>\n<\/article>\n<p>&nbsp;<\/p>\n","protected":false},"excerpt":{"rendered":"<p>RD- SANTO DOMINGO- La Semana Mundial de la Lactancia Materna, instaurada por la OMS y UNICEF en 1992, es actualmente el movimiento social m\u00e1s extendido en defensa de la lactancia materna. Se celebra en m\u00e1s de 120 pa\u00edses, del 1 al 7 de agosto. La leche materna tiene todo lo que necesita el beb\u00e9. Es [&hellip;]<\/p>\n","protected":false},"author":8,"featured_media":18020,"comment_status":"open","ping_status":"open","sticky":false,"template":"","format":"standard","meta":{"footnotes":""},"categories":[84,44,45],"tags":[],"class_list":["post-18019","post","type-post","status-publish","format-standard","has-post-thumbnail","hentry","category-otras-noticias","category-republica-dominicana","category-salud"],"_links":{"self":[{"href":"https:\/\/2horizontes.com\/index.php?rest_route=\/wp\/v2\/posts\/18019","targetHints":{"allow":["GET"]}}],"collection":[{"href":"https:\/\/2horizontes.com\/index.php?rest_route=\/wp\/v2\/posts"}],"about":[{"href":"https:\/\/2horizontes.com\/index.php?rest_route=\/wp\/v2\/types\/post"}],"author":[{"embeddable":true,"href":"https:\/\/2horizontes.com\/index.php?rest_route=\/wp\/v2\/users\/8"}],"replies":[{"embeddable":true,"href":"https:\/\/2horizontes.com\/index.php?rest_route=%2Fwp%2Fv2%2Fcomments&post=18019"}],"version-history":[{"count":1,"href":"https:\/\/2horizontes.com\/index.php?rest_route=\/wp\/v2\/posts\/18019\/revisions"}],"predecessor-version":[{"id":18021,"href":"https:\/\/2horizontes.com\/index.php?rest_route=\/wp\/v2\/posts\/18019\/revisions\/18021"}],"wp:featuredmedia":[{"embeddable":true,"href":"https:\/\/2horizontes.com\/index.php?rest_route=\/wp\/v2\/media\/18020"}],"wp:attachment":[{"href":"https:\/\/2horizontes.com\/index.php?rest_route=%2Fwp%2Fv2%2Fmedia&parent=18019"}],"wp:term":[{"taxonomy":"category","embeddable":true,"href":"https:\/\/2horizontes.com\/index.php?rest_route=%2Fwp%2Fv2%2Fcategories&post=18019"},{"taxonomy":"post_tag","embeddable":true,"href":"https:\/\/2horizontes.com\/index.php?rest_route=%2Fwp%2Fv2%2Ftags&post=18019"}],"curies":[{"name":"wp","href":"https:\/\/api.w.org\/{rel}","templated":true}]}}