{"id":18013,"date":"2015-07-27T18:54:57","date_gmt":"2015-07-27T17:54:57","guid":{"rendered":"http:\/\/2horizontes.com\/?p=18013"},"modified":"2015-07-27T18:54:57","modified_gmt":"2015-07-27T17:54:57","slug":"autoridades-buscan-padres-de-nino-extraviado-en-haina","status":"publish","type":"post","link":"https:\/\/2horizontes.com\/?p=18013","title":{"rendered":"Autoridades buscan padres de ni\u00f1o extraviado en Haina"},"content":{"rendered":"<article class=\"contenidoArticulo\">\n<div class=\"cuerpoNoticia\">\n<p>\u00a0RD- SANTO DOMINGO-Funcionarios de la Fuerza A\u00e9rea Dominicana que realizaban patrullaje vial por el sector de Haina, localizaron la noche de ayer a un ni\u00f1o de 11 a\u00f1os de edad de nombre Anthony de Jes\u00fas, que se encontraba perdido desde horas de la ma\u00f1ana.<\/p>\n<p>El segundo teniente De Le\u00f3n B\u00e1ez, explic\u00f3 que el ni\u00f1o fue encontrado en plena v\u00eda y que al ser interrogado se mostr\u00f3 confuso y asegur\u00f3 que estaba perdido.<\/p>\n<p>\u201cEl llamado es a los padres, familiares o a quien a identifique a Anthony, para que se pongan en contacto con nosotros en el tel\u00e9fono\u00a0<a href=\"tel:8099198544\" target=\"_blank\">809-919-8544<\/a>\u201d, dijo.<\/p>\n<p>Coment\u00f3 que, de acuerdo al menor, su madre se llama Mar\u00eda de Jes\u00fas y su pap\u00e1 Eleno y que tiene dos hermanos, una hembra y un var\u00f3n.<\/p>\n<p>Al momento de perderse, Anthony vest\u00eda una franela verde de camuflaje, pantal\u00f3n corto color beige y unos tenis como calzado.<\/p>\n<\/div>\n<\/article>\n<p>&nbsp;<\/p>\n","protected":false},"excerpt":{"rendered":"<p>\u00a0RD- SANTO DOMINGO-Funcionarios de la Fuerza A\u00e9rea Dominicana que realizaban patrullaje vial por el sector de Haina, localizaron la noche de ayer a un ni\u00f1o de 11 a\u00f1os de edad de nombre Anthony de Jes\u00fas, que se encontraba perdido desde horas de la ma\u00f1ana. El segundo teniente De Le\u00f3n B\u00e1ez, explic\u00f3 que el ni\u00f1o fue [&hellip;]<\/p>\n","protected":false},"author":8,"featured_media":18014,"comment_status":"open","ping_status":"open","sticky":false,"template":"","format":"standard","meta":{"footnotes":""},"categories":[44],"tags":[],"class_list":["post-18013","post","type-post","status-publish","format-standard","has-post-thumbnail","hentry","category-republica-dominicana"],"_links":{"self":[{"href":"https:\/\/2horizontes.com\/index.php?rest_route=\/wp\/v2\/posts\/18013","targetHints":{"allow":["GET"]}}],"collection":[{"href":"https:\/\/2horizontes.com\/index.php?rest_route=\/wp\/v2\/posts"}],"about":[{"href":"https:\/\/2horizontes.com\/index.php?rest_route=\/wp\/v2\/types\/post"}],"author":[{"embeddable":true,"href":"https:\/\/2horizontes.com\/index.php?rest_route=\/wp\/v2\/users\/8"}],"replies":[{"embeddable":true,"href":"https:\/\/2horizontes.com\/index.php?rest_route=%2Fwp%2Fv2%2Fcomments&post=18013"}],"version-history":[{"count":1,"href":"https:\/\/2horizontes.com\/index.php?rest_route=\/wp\/v2\/posts\/18013\/revisions"}],"predecessor-version":[{"id":18015,"href":"https:\/\/2horizontes.com\/index.php?rest_route=\/wp\/v2\/posts\/18013\/revisions\/18015"}],"wp:featuredmedia":[{"embeddable":true,"href":"https:\/\/2horizontes.com\/index.php?rest_route=\/wp\/v2\/media\/18014"}],"wp:attachment":[{"href":"https:\/\/2horizontes.com\/index.php?rest_route=%2Fwp%2Fv2%2Fmedia&parent=18013"}],"wp:term":[{"taxonomy":"category","embeddable":true,"href":"https:\/\/2horizontes.com\/index.php?rest_route=%2Fwp%2Fv2%2Fcategories&post=18013"},{"taxonomy":"post_tag","embeddable":true,"href":"https:\/\/2horizontes.com\/index.php?rest_route=%2Fwp%2Fv2%2Ftags&post=18013"}],"curies":[{"name":"wp","href":"https:\/\/api.w.org\/{rel}","templated":true}]}}