{"id":1800,"date":"2014-09-08T23:04:04","date_gmt":"2014-09-08T23:04:04","guid":{"rendered":"http:\/\/2horizontes.com\/?p=1800"},"modified":"2014-09-08T23:05:46","modified_gmt":"2014-09-08T23:05:46","slug":"equipo-dominicano-de-baloncesto-regresa-a-r-d-tras-participar-en-mundial-en-espana","status":"publish","type":"post","link":"https:\/\/2horizontes.com\/?p=1800","title":{"rendered":"Equipo dominicano de baloncesto regresa a R.D. tras participar en mundial en Espa\u00f1a"},"content":{"rendered":"<div id=\"ArticleBody\" style=\"margin-top: 10px;\">\n<p><strong>Santo Domingo.<\/strong>-El equipo d<img loading=\"lazy\" decoding=\"async\" class=\"alignleft size-full wp-image-1801\" src=\"http:\/\/2horizontes.com\/wp-content\/uploads\/2014\/09\/seleccion-dominicana-balocesnto.jpeg-mm.jpeg\" alt=\"seleccion dominicana balocesnto.jpeg mm\" width=\"294\" height=\"190\" \/>ominicano de baloncesto regres\u00f3 al pa\u00eds este lunes alrededor de las 6 de la tarde tras su participaci\u00f3n en la Copa del Mundo que se celebra en Espa\u00f1a.<\/p>\n<p>&nbsp;<\/p>\n<p>Los quisqueyanos fueron eliminados el pasado domingo al caer 71-61 ante Eslovenia, en un partido de muerte s\u00fabita que les impidi\u00f3 avanzar a los cuartos de final. Fue la primera vez que el pa\u00eds compite en un mundial de baloncesto de mayores desde 1978, en esa ocasi\u00f3n quedaron 12 entre \u00a014 pa\u00edses participantes.<\/p>\n<p>&nbsp;<\/p>\n<p>El departamento de prensa de ese conjunto a trav\u00e9s de un comunicado, inform\u00f3 que la representaci\u00f3n criolla se traslad\u00f3 desde Barcelona a Madrid en el vuelo UX2057, para luego abordar en esa ciudad el vuelo UX89 de Air Europa con destino a Santo Domingo.<\/p>\n<p>&nbsp;<\/p>\n<p>Los jugadores que estar\u00e1n llegando a trav\u00e9s del Aeropuerto Internacional de Las Americas \u201cJos\u00e9 Francisco Pe\u00f1a G\u00f3mez\u201d (AILA), son: Francisco Garc\u00eda, Jack Mart\u00ednez, Juan Coronado, Manuel Fortuna, Eloy Vargas, V\u00edctor Liz y Edward Santana, adem\u00e1s del coach asistente Jos\u00e9 \u00abMaita\u00bb Mercedes.<\/p>\n<p>&nbsp;<\/p>\n<p>Otro grupo se fue directo a Nueva York. Ellos son: James Feldeine, Ronald Ram\u00f3n, Orlando S\u00e1nchez y Edgar Sosa. Eulis B\u00e1ez se qued\u00f3 en Espa\u00f1a.<\/p>\n<p>Lit\u00edn Diario.<\/p>\n<\/div>\n","protected":false},"excerpt":{"rendered":"<p>Santo Domingo.-El equipo dominicano de baloncesto regres\u00f3 al pa\u00eds este lunes alrededor de las 6 de la tarde tras su participaci\u00f3n en la Copa del Mundo que se celebra en Espa\u00f1a. &nbsp; Los quisqueyanos fueron eliminados el pasado domingo al caer 71-61 ante Eslovenia, en un partido de muerte s\u00fabita que les impidi\u00f3 avanzar a [&hellip;]<\/p>\n","protected":false},"author":1,"featured_media":0,"comment_status":"open","ping_status":"open","sticky":false,"template":"","format":"standard","meta":{"footnotes":""},"categories":[1],"tags":[],"class_list":["post-1800","post","type-post","status-publish","format-standard","hentry","category-entretenimiento"],"_links":{"self":[{"href":"https:\/\/2horizontes.com\/index.php?rest_route=\/wp\/v2\/posts\/1800","targetHints":{"allow":["GET"]}}],"collection":[{"href":"https:\/\/2horizontes.com\/index.php?rest_route=\/wp\/v2\/posts"}],"about":[{"href":"https:\/\/2horizontes.com\/index.php?rest_route=\/wp\/v2\/types\/post"}],"author":[{"embeddable":true,"href":"https:\/\/2horizontes.com\/index.php?rest_route=\/wp\/v2\/users\/1"}],"replies":[{"embeddable":true,"href":"https:\/\/2horizontes.com\/index.php?rest_route=%2Fwp%2Fv2%2Fcomments&post=1800"}],"version-history":[{"count":2,"href":"https:\/\/2horizontes.com\/index.php?rest_route=\/wp\/v2\/posts\/1800\/revisions"}],"predecessor-version":[{"id":1803,"href":"https:\/\/2horizontes.com\/index.php?rest_route=\/wp\/v2\/posts\/1800\/revisions\/1803"}],"wp:attachment":[{"href":"https:\/\/2horizontes.com\/index.php?rest_route=%2Fwp%2Fv2%2Fmedia&parent=1800"}],"wp:term":[{"taxonomy":"category","embeddable":true,"href":"https:\/\/2horizontes.com\/index.php?rest_route=%2Fwp%2Fv2%2Fcategories&post=1800"},{"taxonomy":"post_tag","embeddable":true,"href":"https:\/\/2horizontes.com\/index.php?rest_route=%2Fwp%2Fv2%2Ftags&post=1800"}],"curies":[{"name":"wp","href":"https:\/\/api.w.org\/{rel}","templated":true}]}}