{"id":17998,"date":"2015-07-27T18:18:54","date_gmt":"2015-07-27T17:18:54","guid":{"rendered":"http:\/\/2horizontes.com\/?p=17998"},"modified":"2015-07-27T18:18:54","modified_gmt":"2015-07-27T17:18:54","slug":"paro-de-48-horas-en-comunidad-de-moca-en-reclamo-de-varias-obras","status":"publish","type":"post","link":"https:\/\/2horizontes.com\/?p=17998","title":{"rendered":"Paro de 48 horas en comunidad de Moca en reclamo de varias obras"},"content":{"rendered":"<p>RD-Moca- El distrito municipal de Villa Trina inici\u00f3 en la ma\u00f1ana de este lunes un paro por 48 horas en reclamo de la construcci\u00f3n de un puente, reparaci\u00f3n de carreteras y apoyo a los productores agr\u00edcolas.<\/p>\n<p>Los negocios cerraron sus puertas y el tr\u00e1nsito est\u00e1 pr\u00e1cticamente paralizado en apoyo a la manifestaci\u00f3n.<\/p>\n<p>Los revoltosos colocaron escombros en medio de la v\u00eda para impedir el paso de veh\u00edculos.<\/p>\n<p>Las organizaciones populares y comunitarias convocantes del paro reclaman la construcci\u00f3n del puente de la comunidad Los Bueyes que comunica a Vila Trina con Jamao al Norte.<\/p>\n<p>Tambi\u00e9n la ayuda de 44 millones de pesos prometida por el presidente Danilo Medina a los productores agr\u00edcolas de esa comunidad mocana.<\/p>\n<p>&nbsp;<\/p>\n","protected":false},"excerpt":{"rendered":"<p>RD-Moca- El distrito municipal de Villa Trina inici\u00f3 en la ma\u00f1ana de este lunes un paro por 48 horas en reclamo de la construcci\u00f3n de un puente, reparaci\u00f3n de carreteras y apoyo a los productores agr\u00edcolas. Los negocios cerraron sus puertas y el tr\u00e1nsito est\u00e1 pr\u00e1cticamente paralizado en apoyo a la manifestaci\u00f3n. Los revoltosos colocaron [&hellip;]<\/p>\n","protected":false},"author":8,"featured_media":17999,"comment_status":"open","ping_status":"open","sticky":false,"template":"","format":"standard","meta":{"footnotes":""},"categories":[53,44],"tags":[],"class_list":["post-17998","post","type-post","status-publish","format-standard","has-post-thumbnail","hentry","category-provincias","category-republica-dominicana"],"_links":{"self":[{"href":"https:\/\/2horizontes.com\/index.php?rest_route=\/wp\/v2\/posts\/17998","targetHints":{"allow":["GET"]}}],"collection":[{"href":"https:\/\/2horizontes.com\/index.php?rest_route=\/wp\/v2\/posts"}],"about":[{"href":"https:\/\/2horizontes.com\/index.php?rest_route=\/wp\/v2\/types\/post"}],"author":[{"embeddable":true,"href":"https:\/\/2horizontes.com\/index.php?rest_route=\/wp\/v2\/users\/8"}],"replies":[{"embeddable":true,"href":"https:\/\/2horizontes.com\/index.php?rest_route=%2Fwp%2Fv2%2Fcomments&post=17998"}],"version-history":[{"count":1,"href":"https:\/\/2horizontes.com\/index.php?rest_route=\/wp\/v2\/posts\/17998\/revisions"}],"predecessor-version":[{"id":18000,"href":"https:\/\/2horizontes.com\/index.php?rest_route=\/wp\/v2\/posts\/17998\/revisions\/18000"}],"wp:featuredmedia":[{"embeddable":true,"href":"https:\/\/2horizontes.com\/index.php?rest_route=\/wp\/v2\/media\/17999"}],"wp:attachment":[{"href":"https:\/\/2horizontes.com\/index.php?rest_route=%2Fwp%2Fv2%2Fmedia&parent=17998"}],"wp:term":[{"taxonomy":"category","embeddable":true,"href":"https:\/\/2horizontes.com\/index.php?rest_route=%2Fwp%2Fv2%2Fcategories&post=17998"},{"taxonomy":"post_tag","embeddable":true,"href":"https:\/\/2horizontes.com\/index.php?rest_route=%2Fwp%2Fv2%2Ftags&post=17998"}],"curies":[{"name":"wp","href":"https:\/\/api.w.org\/{rel}","templated":true}]}}