{"id":17993,"date":"2015-07-27T18:12:28","date_gmt":"2015-07-27T17:12:28","guid":{"rendered":"http:\/\/2horizontes.com\/?p=17993"},"modified":"2015-07-27T18:12:28","modified_gmt":"2015-07-27T17:12:28","slug":"un-bebe-de-tres-meses-deja-en-shock-a-su-padre-al-decirle-te-quiero-por-primera-vez","status":"publish","type":"post","link":"https:\/\/2horizontes.com\/?p=17993","title":{"rendered":"Un beb\u00e9 de tres meses deja en shock a su padre al decirle \u2018Te quiero\u2019 por primera vez"},"content":{"rendered":"<p>Las primeras palabras de un beb\u00e9 forman parte de un momento memorable en la vida de todo padre y toda madre. Desde el instante en que se producen se fijan en nuestra memoria y permanecen en el recuerdo como un hecho ins\u00f3lito al que le sucede normalmente una indescriptible felicidad. Indescriptible, especialmente, si tenemos en cuenta que en este caso se trata de un beb\u00e9 de solo tres meses el que se aventura a decirle a su padre, en un ingl\u00e9s con una pronunciaci\u00f3n mejorable pero sin regateos, &#8216;I love you&#8217;, o lo que es lo mismo, &#8216;Te amo&#8217;.<\/p>\n<p>Por fortuna, y para que no queden dudas entre los m\u00e1s esc\u00e9pticos, la escena fue grabada en v\u00eddeo y subida a la Red, haciendo el deleite de todos aquellos que han querido disfrutar de la ternura de este peque\u00f1o que responde al nombre de Ben.<\/p>\n<p>En la grabaci\u00f3n, su padre Ted Moskalenko, de la localidad de Cherry Hill, Nueva Jersey, que le sostiene en brazos, le dice a Ben que le quiere. Tras ello, se producen unos instantes de silencio en los cuales ambos se miran el uno al otro. Poco despu\u00e9s, el beb\u00e9 replica su misma frase con un \u00abI love you\u00bb que deja perplejo y con la boca abierta a Ted, quien sin terminar de creerse lo que acaba de escuchar gira la mirada en busca de la complicidad y felicidad de su pareja, quien sosten\u00eda la c\u00e1mara que capt\u00f3 todo.<\/p>\n<p>El v\u00eddeo, subido en el canal de Youtube de Ted, sum\u00f3 m\u00e1s de 200.000 visitas poco despu\u00e9s de publicarlo y ahora contin\u00faa propag\u00e1ndose de forma viral, tal y como recoge DailyMail.<\/p>\n","protected":false},"excerpt":{"rendered":"<p>Las primeras palabras de un beb\u00e9 forman parte de un momento memorable en la vida de todo padre y toda madre. Desde el instante en que se producen se fijan en nuestra memoria y permanecen en el recuerdo como un hecho ins\u00f3lito al que le sucede normalmente una indescriptible felicidad. Indescriptible, especialmente, si tenemos en [&hellip;]<\/p>\n","protected":false},"author":3,"featured_media":17996,"comment_status":"open","ping_status":"open","sticky":false,"template":"","format":"standard","meta":{"footnotes":""},"categories":[1],"tags":[],"class_list":["post-17993","post","type-post","status-publish","format-standard","has-post-thumbnail","hentry","category-entretenimiento"],"_links":{"self":[{"href":"https:\/\/2horizontes.com\/index.php?rest_route=\/wp\/v2\/posts\/17993","targetHints":{"allow":["GET"]}}],"collection":[{"href":"https:\/\/2horizontes.com\/index.php?rest_route=\/wp\/v2\/posts"}],"about":[{"href":"https:\/\/2horizontes.com\/index.php?rest_route=\/wp\/v2\/types\/post"}],"author":[{"embeddable":true,"href":"https:\/\/2horizontes.com\/index.php?rest_route=\/wp\/v2\/users\/3"}],"replies":[{"embeddable":true,"href":"https:\/\/2horizontes.com\/index.php?rest_route=%2Fwp%2Fv2%2Fcomments&post=17993"}],"version-history":[{"count":1,"href":"https:\/\/2horizontes.com\/index.php?rest_route=\/wp\/v2\/posts\/17993\/revisions"}],"predecessor-version":[{"id":17997,"href":"https:\/\/2horizontes.com\/index.php?rest_route=\/wp\/v2\/posts\/17993\/revisions\/17997"}],"wp:featuredmedia":[{"embeddable":true,"href":"https:\/\/2horizontes.com\/index.php?rest_route=\/wp\/v2\/media\/17996"}],"wp:attachment":[{"href":"https:\/\/2horizontes.com\/index.php?rest_route=%2Fwp%2Fv2%2Fmedia&parent=17993"}],"wp:term":[{"taxonomy":"category","embeddable":true,"href":"https:\/\/2horizontes.com\/index.php?rest_route=%2Fwp%2Fv2%2Fcategories&post=17993"},{"taxonomy":"post_tag","embeddable":true,"href":"https:\/\/2horizontes.com\/index.php?rest_route=%2Fwp%2Fv2%2Ftags&post=17993"}],"curies":[{"name":"wp","href":"https:\/\/api.w.org\/{rel}","templated":true}]}}