{"id":17940,"date":"2015-07-27T13:31:47","date_gmt":"2015-07-27T12:31:47","guid":{"rendered":"http:\/\/2horizontes.com\/?p=17940"},"modified":"2015-07-27T13:31:47","modified_gmt":"2015-07-27T12:31:47","slug":"quiero-ser-un-ejemplo-para-chavales-que-como-yo-han-sufrido-al-salir-del-armario","status":"publish","type":"post","link":"https:\/\/2horizontes.com\/?p=17940","title":{"rendered":"Quiero ser un ejemplo para chavales que, como yo, han sufrido al salir del armario"},"content":{"rendered":"<p>Francisco P\u00e9rez, socorrista de 26 a\u00f1os de Marbella, luce desde el pasado 3 de julio la banda de Mr. Gay Pride Espa\u00f1a 2015. Cuando casi casi ha pasado un mes desde su nombramiento, y en plena vor\u00e1gine de trabajo, hemos hablado con \u00e9l para saber c\u00f3mo ha vivido sus primeros d\u00edas como Mr. Gay Pride y conocerle un poquito mejor.<\/p>\n<p>Lo primero, enhorabuena Francisco. Ya hace un mes que eres Mr. Gay Pride Espa\u00f1a 2015. \u00bfC\u00f3mo est\u00e1s viviendo esta experiencia?<\/p>\n<p>Gracias. Pues muy contento con el apoyo de la gente. Adem\u00e1s est\u00e1n saliendo muchos proyectos. Vine a Madrid para dos d\u00edas, y ya llevo una semana por las cosas que salen y lo que queda por salir. Muy contento.<\/p>\n<p>\u00bfQu\u00e9 te llev\u00f3 a presentarte al certamen de Mr. Gay Pride?<\/p>\n<p>Hace dos a\u00f1os me present\u00e9 por Murcia y por Sevilla, pero no me cogieron. Este a\u00f1o yo no ten\u00eda intenci\u00f3n de presentarme pero desde BeFreeFestival apostaron por m\u00ed, me animaron a presentarme y como ten\u00eda esa espinita desde hace dos a\u00f1os, pues me decid\u00ed.<\/p>\n","protected":false},"excerpt":{"rendered":"<p>Francisco P\u00e9rez, socorrista de 26 a\u00f1os de Marbella, luce desde el pasado 3 de julio la banda de Mr. Gay Pride Espa\u00f1a 2015. Cuando casi casi ha pasado un mes desde su nombramiento, y en plena vor\u00e1gine de trabajo, hemos hablado con \u00e9l para saber c\u00f3mo ha vivido sus primeros d\u00edas como Mr. Gay Pride [&hellip;]<\/p>\n","protected":false},"author":3,"featured_media":17942,"comment_status":"open","ping_status":"open","sticky":false,"template":"","format":"standard","meta":{"footnotes":""},"categories":[57],"tags":[],"class_list":["post-17940","post","type-post","status-publish","format-standard","has-post-thumbnail","hentry","category-mundo-gay"],"_links":{"self":[{"href":"https:\/\/2horizontes.com\/index.php?rest_route=\/wp\/v2\/posts\/17940","targetHints":{"allow":["GET"]}}],"collection":[{"href":"https:\/\/2horizontes.com\/index.php?rest_route=\/wp\/v2\/posts"}],"about":[{"href":"https:\/\/2horizontes.com\/index.php?rest_route=\/wp\/v2\/types\/post"}],"author":[{"embeddable":true,"href":"https:\/\/2horizontes.com\/index.php?rest_route=\/wp\/v2\/users\/3"}],"replies":[{"embeddable":true,"href":"https:\/\/2horizontes.com\/index.php?rest_route=%2Fwp%2Fv2%2Fcomments&post=17940"}],"version-history":[{"count":1,"href":"https:\/\/2horizontes.com\/index.php?rest_route=\/wp\/v2\/posts\/17940\/revisions"}],"predecessor-version":[{"id":17943,"href":"https:\/\/2horizontes.com\/index.php?rest_route=\/wp\/v2\/posts\/17940\/revisions\/17943"}],"wp:featuredmedia":[{"embeddable":true,"href":"https:\/\/2horizontes.com\/index.php?rest_route=\/wp\/v2\/media\/17942"}],"wp:attachment":[{"href":"https:\/\/2horizontes.com\/index.php?rest_route=%2Fwp%2Fv2%2Fmedia&parent=17940"}],"wp:term":[{"taxonomy":"category","embeddable":true,"href":"https:\/\/2horizontes.com\/index.php?rest_route=%2Fwp%2Fv2%2Fcategories&post=17940"},{"taxonomy":"post_tag","embeddable":true,"href":"https:\/\/2horizontes.com\/index.php?rest_route=%2Fwp%2Fv2%2Ftags&post=17940"}],"curies":[{"name":"wp","href":"https:\/\/api.w.org\/{rel}","templated":true}]}}