{"id":1792,"date":"2014-09-08T22:20:17","date_gmt":"2014-09-08T22:20:17","guid":{"rendered":"http:\/\/2horizontes.com\/?p=1792"},"modified":"2014-09-08T22:28:00","modified_gmt":"2014-09-08T22:28:00","slug":"madrid-apunalan-dominicano-de-41-anos-presuntamente-a-manos-de-cinco-neonazis","status":"publish","type":"post","link":"https:\/\/2horizontes.com\/?p=1792","title":{"rendered":"Madrid: cinco presuntos neonazis apu\u00f1alan dominicano"},"content":{"rendered":"<p><a href=\"http:\/\/2horizontes.com\/wp-content\/uploads\/2014\/09\/pu\u00f1al.jpg\"><img loading=\"lazy\" decoding=\"async\" class=\"alignleft size-full wp-image-1795\" src=\"http:\/\/2horizontes.com\/wp-content\/uploads\/2014\/09\/pu\u00f1al.jpg\" alt=\"pu\u00f1al\" width=\"279\" height=\"180\" \/><\/a>EUROPA PRESS. Madrid.- Un hombre de 41 a\u00f1os y nacionalidad dominicana fue apu\u00f1alado anoche en el distrito madrile\u00f1o de Tetu\u00e1n presuntamente a manos de un grupo de cinco personas de ideolog\u00eda neonazi, seg\u00fan han informado a Europa Press fuentes de Emergencias Madrid y de la Jefatura Superior de Polic\u00eda de Madrid.<\/p>\n<p>El suceso tuvo lugar pasadas las 23.30 horas de este domingo entre las calles Lorenza Correa y Castilla. Seg\u00fan un portavoz de Emergencias Madrid, el hombre presentaba una herida presumiblemente por arma blanca en la parte derecha del abdomen, donde tambi\u00e9n ten\u00eda una peque\u00f1a erosi\u00f3n.<\/p>\n<p>Fue trasladado en estado menos grave por un indicativo del Samur al Hospital Universitario de la Paz, donde qued\u00f3 ingresado estable. En todo momento, aseguran las mismas fuentes, estaba consciente y orientado.<\/p>\n<p>Por su parte, desde la Jefatura han explicado que el agredido, que se encontraba en el momento del suceso en estado ebrio, declar\u00f3 que hab\u00eda sido atacado por un grupo de cinco personas de ideolog\u00eda de extrema derecha y que iban con unas m\u00e1scaras blancas, por lo que no les pudo identificar.<\/p>\n<p>En el lugar de los hechos, que fue acordonado, no se encontr\u00f3 ning\u00fan tipo de arma. Como podr\u00eda tratarse de una agresi\u00f3n con tintes xen\u00f3fobos, se encarga de la investigaci\u00f3n la Brigada de Informaci\u00f3n de la Polic\u00eda Nacional.<\/p>\n<p>Se da la circunstancia de que a pocas calles del lugar donde se produjo la agresi\u00f3n, en la calle Juan de Ol\u00edas, se ha producido recientemente la okupaci\u00f3n por parte de varios j\u00f3venes de ideolog\u00eda nazi del autodenominado &#8216;Centro Social Ramiro de Ledesma&#8217;, que funciona a modo de \u00abhogar social\u00bb para ciudadanos espa\u00f1oles.<\/p>\n<p>No ser\u00eda la primera agresi\u00f3n de este tipo que se produce en los \u00faltimos d\u00edas. Un vecino de la zona de 22 a\u00f1os y de origen chileno sufri\u00f3 la semana pasada una brutal paliza, seg\u00fan inform\u00f3 la Asamblea Popular de Tetu\u00e1n. Los vecinos se manifestaron hace dos fines de semana para pedir que los okupas&#8217; \u00absalgan\u00bb del barrio.<\/p>\n","protected":false},"excerpt":{"rendered":"<p>EUROPA PRESS. Madrid.- Un hombre de 41 a\u00f1os y nacionalidad dominicana fue apu\u00f1alado anoche en el distrito madrile\u00f1o de Tetu\u00e1n presuntamente a manos de un grupo de cinco personas de ideolog\u00eda neonazi, seg\u00fan han informado a Europa Press fuentes de Emergencias Madrid y de la Jefatura Superior de Polic\u00eda de Madrid. El suceso tuvo lugar [&hellip;]<\/p>\n","protected":false},"author":1,"featured_media":0,"comment_status":"open","ping_status":"open","sticky":false,"template":"","format":"standard","meta":{"footnotes":""},"categories":[1],"tags":[],"class_list":["post-1792","post","type-post","status-publish","format-standard","hentry","category-entretenimiento"],"_links":{"self":[{"href":"https:\/\/2horizontes.com\/index.php?rest_route=\/wp\/v2\/posts\/1792","targetHints":{"allow":["GET"]}}],"collection":[{"href":"https:\/\/2horizontes.com\/index.php?rest_route=\/wp\/v2\/posts"}],"about":[{"href":"https:\/\/2horizontes.com\/index.php?rest_route=\/wp\/v2\/types\/post"}],"author":[{"embeddable":true,"href":"https:\/\/2horizontes.com\/index.php?rest_route=\/wp\/v2\/users\/1"}],"replies":[{"embeddable":true,"href":"https:\/\/2horizontes.com\/index.php?rest_route=%2Fwp%2Fv2%2Fcomments&post=1792"}],"version-history":[{"count":3,"href":"https:\/\/2horizontes.com\/index.php?rest_route=\/wp\/v2\/posts\/1792\/revisions"}],"predecessor-version":[{"id":1796,"href":"https:\/\/2horizontes.com\/index.php?rest_route=\/wp\/v2\/posts\/1792\/revisions\/1796"}],"wp:attachment":[{"href":"https:\/\/2horizontes.com\/index.php?rest_route=%2Fwp%2Fv2%2Fmedia&parent=1792"}],"wp:term":[{"taxonomy":"category","embeddable":true,"href":"https:\/\/2horizontes.com\/index.php?rest_route=%2Fwp%2Fv2%2Fcategories&post=1792"},{"taxonomy":"post_tag","embeddable":true,"href":"https:\/\/2horizontes.com\/index.php?rest_route=%2Fwp%2Fv2%2Ftags&post=1792"}],"curies":[{"name":"wp","href":"https:\/\/api.w.org\/{rel}","templated":true}]}}