{"id":17897,"date":"2015-07-27T12:17:22","date_gmt":"2015-07-27T11:17:22","guid":{"rendered":"http:\/\/2horizontes.com\/?p=17897"},"modified":"2015-07-27T12:17:22","modified_gmt":"2015-07-27T11:17:22","slug":"raul-castro-encabeza-aniversario-de-asalto-al-moncada-en-cuba","status":"publish","type":"post","link":"https:\/\/2horizontes.com\/?p=17897","title":{"rendered":"Ra\u00fal Castro encabeza aniversario de asalto al Moncada en Cuba"},"content":{"rendered":"<div id=\"ArticleAuthorDiv\" class=\"article-body-author\"><b>AFP<\/b><\/div>\n<div id=\"ArticleSourceDiv\" class=\"article-body-author\"><b>SANTIAGO DE CUBA, Cuba<\/b><\/div>\n<div id=\"ArticleBody\">\n<p>El presidente cubano Ra\u00fal Castro encabez\u00f3 ayer domingo antes del alba un acto pol\u00edtico-cultural por el 62\u00ba aniversario del asalto al Cuartel Moncada en Santiago de Cuba (oriente), primera acci\u00f3n armada de la revoluci\u00f3n encabezada por su hermano Fidel.<\/p>\n<p>La c\u00fapula cubana y cientos de invitados participaron en este acto, el primero tras el restablecimiento de lazos diplom\u00e1ticos con Estados Unidos, efectuado en el viejo cuartel reconvertido en escuela antes de que amaneciera para evitar el sofocante calor del verano boreal.<\/p>\n<p>\u00abMe voy (a La Habana) con la fiel esperanza de que Santiago siempre siga siendo Santiago\u00bb, dijo escuetamente Ra\u00fal, de 84 a\u00f1os y vestido con su uniforme de general, tras el discurso central a cargo del n\u00famero dos del Partido Comunista (\u00fanico), Jos\u00e9 Ram\u00f3n Machado Ventura.<\/p>\n<p>\u00abEl pasado 20 de julio, con el restablecimiento de relaciones diplom\u00e1ticas entre Cuba y Estados Unidos culmin\u00f3 la primera fase del proceso iniciado el 17 de diciembre del pasado a\u00f1o\u00bb, dijo Machado Ventura en un breve discurso.<\/p>\n<p>\u00abComienza ahora un largo y complejo camino hacia la normalizaci\u00f3n de las relaciones bilaterales que incluye, entre otros aspectos, el cese del bloqueo y la devoluci\u00f3n de la base naval de Guant\u00e1namo\u00bb, a\u00f1adi\u00f3 Machado Ventura, tambi\u00e9n de 84 a\u00f1os.<\/p>\n<p>Santiago de Cuba, la segunda ciudad de la isla y cuna de la revoluci\u00f3n de 1959, conmemor\u00f3 con carnavales el s\u00e1bado el 500 aniversario de su fundaci\u00f3n, una de las primeras durante la colonia en Am\u00e9rica.<\/p>\n<p>El asalto al Cuartel Moncada, segunda fortaleza militar de Cuba, el 26 de julio de 1953 acab\u00f3 en fracaso y el centenar de seguidores de Fidel Castro termin\u00f3 muerto o en prisi\u00f3n, durante la dictadura de Fulgencio Batista, quien ser\u00eda derrocado por un ej\u00e9rcito de j\u00f3venes guerrilleros el 1 de enero de 1959.<\/p>\n<\/div>\n","protected":false},"excerpt":{"rendered":"<p>AFP SANTIAGO DE CUBA, Cuba El presidente cubano Ra\u00fal Castro encabez\u00f3 ayer domingo antes del alba un acto pol\u00edtico-cultural por el 62\u00ba aniversario del asalto al Cuartel Moncada en Santiago de Cuba (oriente), primera acci\u00f3n armada de la revoluci\u00f3n encabezada por su hermano Fidel. La c\u00fapula cubana y cientos de invitados participaron en este acto, [&hellip;]<\/p>\n","protected":false},"author":7,"featured_media":17904,"comment_status":"open","ping_status":"open","sticky":false,"template":"","format":"standard","meta":{"footnotes":""},"categories":[49,40,43],"tags":[],"class_list":["post-17897","post","type-post","status-publish","format-standard","has-post-thumbnail","hentry","category-cuba","category-internacionales","category-politica"],"_links":{"self":[{"href":"https:\/\/2horizontes.com\/index.php?rest_route=\/wp\/v2\/posts\/17897","targetHints":{"allow":["GET"]}}],"collection":[{"href":"https:\/\/2horizontes.com\/index.php?rest_route=\/wp\/v2\/posts"}],"about":[{"href":"https:\/\/2horizontes.com\/index.php?rest_route=\/wp\/v2\/types\/post"}],"author":[{"embeddable":true,"href":"https:\/\/2horizontes.com\/index.php?rest_route=\/wp\/v2\/users\/7"}],"replies":[{"embeddable":true,"href":"https:\/\/2horizontes.com\/index.php?rest_route=%2Fwp%2Fv2%2Fcomments&post=17897"}],"version-history":[{"count":1,"href":"https:\/\/2horizontes.com\/index.php?rest_route=\/wp\/v2\/posts\/17897\/revisions"}],"predecessor-version":[{"id":17905,"href":"https:\/\/2horizontes.com\/index.php?rest_route=\/wp\/v2\/posts\/17897\/revisions\/17905"}],"wp:featuredmedia":[{"embeddable":true,"href":"https:\/\/2horizontes.com\/index.php?rest_route=\/wp\/v2\/media\/17904"}],"wp:attachment":[{"href":"https:\/\/2horizontes.com\/index.php?rest_route=%2Fwp%2Fv2%2Fmedia&parent=17897"}],"wp:term":[{"taxonomy":"category","embeddable":true,"href":"https:\/\/2horizontes.com\/index.php?rest_route=%2Fwp%2Fv2%2Fcategories&post=17897"},{"taxonomy":"post_tag","embeddable":true,"href":"https:\/\/2horizontes.com\/index.php?rest_route=%2Fwp%2Fv2%2Ftags&post=17897"}],"curies":[{"name":"wp","href":"https:\/\/api.w.org\/{rel}","templated":true}]}}