{"id":17888,"date":"2015-07-27T12:07:01","date_gmt":"2015-07-27T11:07:01","guid":{"rendered":"http:\/\/2horizontes.com\/?p=17888"},"modified":"2015-07-27T12:07:01","modified_gmt":"2015-07-27T11:07:01","slug":"mexico-localiza-en-iguala-60-fosas-clandestinas-en-8-meses","status":"publish","type":"post","link":"https:\/\/2horizontes.com\/?p=17888","title":{"rendered":"M\u00e9xico localiza en Iguala 60 fosas clandestinas en 8 meses"},"content":{"rendered":"<div id=\"ArticleAuthorDiv\" class=\"article-body-author\"><b>AP<\/b><\/div>\n<div id=\"ArticleSourceDiv\" class=\"article-body-author\"><b>M\u00e9xico<\/b><\/div>\n<div id=\"ArticleBody\">\n<p>Las autoridades mexicanas han localizado al menos 60 fosas clandestinas con 129 cad\u00e1veres en el municipio de Iguala desde la desaparici\u00f3n de 43 estudiantes de magisterio en esa localidad del estado sure\u00f1o de Guerrero el 26 de septiembre de 2014, cuyo destino todav\u00eda es incierto.<\/p>\n<p>Seg\u00fan los datos conseguidos por The Associated Press mediante una solicitud de informaci\u00f3n al gobierno, la Procuradur\u00eda General de la Rep\u00fablica (PGR) se\u00f1al\u00f3 que en ocho meses, de octubre de 2014 a mayo de 2015 \u2014ambos incluidos_, se localizaron en Iguala 60 enterramientos clandestinos con 129 cuerpos en total, pero se aclara que la cifra real podr\u00eda ser mayor.<\/p>\n<p>\u00abLos datos reportados representan \u00fanicamente la intervenci\u00f3n del personal especializado en asuntos relacionados con fosas clandestinas, aclarando que no en todos los casos de fosas intervienen los peritos de esa unidad administrativa\u00bb, indic\u00f3 la fiscal\u00eda.<\/p>\n<p>Iguala, un municipio de 120.000 habitantes situado 200 kil\u00f3metros al sur de la capital mexicana, fue el lugar donde hace 10 meses mataron a seis personas y desaparecieron a 43 estudiantes de la Normal Rural de Ayotzinapa, sucesos en los que participaron autoridades y polic\u00edas locales en complicidad con el crimen organizado y que fueron calificados por el ombudsman mexicano Luis Ra\u00fal Gonz\u00e1lez P\u00e9rez como \u00abel m\u00e1s grave conjunto de violaciones a los derechos humanos en la memoria reciente del pa\u00eds\u00bb.<\/p>\n<p>De los 129 restos localizados en todos los enterramientos se\u00f1alados, 112 eran de hombres, 20 de mujeres y el resto sigue sin determinar o en proceso de valoraci\u00f3n.<\/p>\n<p>De acuerdo con la informaci\u00f3n proporcionada por la fiscal\u00eda, a fecha 13 de julio solo se ten\u00edan datos de haber identificado a 16 personas.<\/p>\n<p>En el mes de octubre, una semana despu\u00e9s de la desaparici\u00f3n de los 43 estudiantes, fue cuando se localizaron m\u00e1s fosas, 11 con un total de 39 cuerpos. Le siguieron el mes de enero y abril de 2015, cuando se encontraron 10 enterramientos cada mes.<\/p>\n<p>Tras la desaparici\u00f3n de los alumnos de Ayotzinapa, grupos de polic\u00edas comunitarios de Guerrero colaboraron con familias de v\u00edctimas y con las autoridades en la b\u00fasqueda de fosas clandestinas.<\/p>\n<p>Ninguno de los restos hallados pertenec\u00eda a los estudiantes que, seg\u00fan la versi\u00f3n oficial, fueron quemados en un basurero en la vecina localidad de Cocula y sus restos esparcidos por el r\u00edo.<\/p>\n<p>Las desapariciones y asesinatos fueron algo habitual en Iguala durante los \u00faltimos a\u00f1os debido a la complicidad del crimen organizado, y en concreto el grupo Guerreros Unidos, con el alcalde del lugar, Jos\u00e9 Luis Abarca, y todas sus corporaciones de seguridad.<\/p>\n<p>Seg\u00fan el informe presentado por el ombudsman el pasado jueves, 10 meses despu\u00e9s, las condiciones de crimen, inseguridad, encubrimiento e impunidad que permitieron la desaparici\u00f3n de los 43 j\u00f3venes todav\u00eda contin\u00faan.<\/p>\n<\/div>\n","protected":false},"excerpt":{"rendered":"<p>AP M\u00e9xico Las autoridades mexicanas han localizado al menos 60 fosas clandestinas con 129 cad\u00e1veres en el municipio de Iguala desde la desaparici\u00f3n de 43 estudiantes de magisterio en esa localidad del estado sure\u00f1o de Guerrero el 26 de septiembre de 2014, cuyo destino todav\u00eda es incierto. Seg\u00fan los datos conseguidos por The Associated Press [&hellip;]<\/p>\n","protected":false},"author":7,"featured_media":17889,"comment_status":"open","ping_status":"open","sticky":false,"template":"","format":"standard","meta":{"footnotes":""},"categories":[40],"tags":[],"class_list":["post-17888","post","type-post","status-publish","format-standard","has-post-thumbnail","hentry","category-internacionales"],"_links":{"self":[{"href":"https:\/\/2horizontes.com\/index.php?rest_route=\/wp\/v2\/posts\/17888","targetHints":{"allow":["GET"]}}],"collection":[{"href":"https:\/\/2horizontes.com\/index.php?rest_route=\/wp\/v2\/posts"}],"about":[{"href":"https:\/\/2horizontes.com\/index.php?rest_route=\/wp\/v2\/types\/post"}],"author":[{"embeddable":true,"href":"https:\/\/2horizontes.com\/index.php?rest_route=\/wp\/v2\/users\/7"}],"replies":[{"embeddable":true,"href":"https:\/\/2horizontes.com\/index.php?rest_route=%2Fwp%2Fv2%2Fcomments&post=17888"}],"version-history":[{"count":1,"href":"https:\/\/2horizontes.com\/index.php?rest_route=\/wp\/v2\/posts\/17888\/revisions"}],"predecessor-version":[{"id":17890,"href":"https:\/\/2horizontes.com\/index.php?rest_route=\/wp\/v2\/posts\/17888\/revisions\/17890"}],"wp:featuredmedia":[{"embeddable":true,"href":"https:\/\/2horizontes.com\/index.php?rest_route=\/wp\/v2\/media\/17889"}],"wp:attachment":[{"href":"https:\/\/2horizontes.com\/index.php?rest_route=%2Fwp%2Fv2%2Fmedia&parent=17888"}],"wp:term":[{"taxonomy":"category","embeddable":true,"href":"https:\/\/2horizontes.com\/index.php?rest_route=%2Fwp%2Fv2%2Fcategories&post=17888"},{"taxonomy":"post_tag","embeddable":true,"href":"https:\/\/2horizontes.com\/index.php?rest_route=%2Fwp%2Fv2%2Ftags&post=17888"}],"curies":[{"name":"wp","href":"https:\/\/api.w.org\/{rel}","templated":true}]}}