{"id":17838,"date":"2015-07-25T21:05:16","date_gmt":"2015-07-25T20:05:16","guid":{"rendered":"http:\/\/2horizontes.com\/?p=17838"},"modified":"2015-07-25T21:05:16","modified_gmt":"2015-07-25T20:05:16","slug":"fallecio-ayer-hector-aristy-luchador-constitucionalista-dominicano","status":"publish","type":"post","link":"https:\/\/2horizontes.com\/?p=17838","title":{"rendered":"Falleci\u00f3 ayer H\u00e9ctor Aristy, luchador constitucionalista dominicano"},"content":{"rendered":"<p>RD- SANTO DOMINGO- A la edad de 83 a\u00f1os muri\u00f3 quien fuera el ministro de la Presidencia del Gobierno de Francisco Alberto Caama\u00f1o, luchador constitucionalista y abanderado de la democracia, H\u00e9ctor Aristy.<\/p>\n<p>Sus restos ser\u00e1n expuestos a partir del mediod\u00eda de hoy en la Funeraria Blandino de la avenida Abraham Lincoln.<\/p>\n<p>H\u00e9ctor Aristy fue uno de los brazos fuertes de la revoluci\u00f3n del 65, y uno de los m\u00e1s cercanos colaboradores del Coronel de Abril, por muchos considerado H\u00e9roe de la Patria, que en las calles revueltas y encandiladas por el fuego de la resistencia a los interventores estadounidenses, fue de los protagonistas de esa etapa que sign\u00f3 al pueblo dominicano.<\/p>\n<p>Al decir del poeta, intelectual y dirigente pol\u00edtico Tony Raful, H\u00e9ctor Aristy fue un patriota que luch\u00f3 contra la dictadura de Trujillo, que fue al exilio y regres\u00f3 a Rep\u00fablica Dominicana en el proceso de la democratizaci\u00f3n, a ra\u00edz del ajusticiamiento del tirano, el 30 de mayo de 1961.<\/p>\n<p>H\u00e9ctor Aristy fund\u00f3 una organizaci\u00f3n pol\u00edtica para luchar por la democracia, y posteriormente se integr\u00f3 a la lucha por el retorno a la constitucionalidad y la\u00a0 vuelta al gobierno de Juan Bosch, derrocado el 25 de septiembre de 1963.<\/p>\n<p>\u201cA pesar de que Aristy era el secretario general del Partido Liberal Evolucionista (PLE), que dirig\u00eda el h\u00e9roe nacional Luis Amiama Ti\u00f3, que no era una organizaci\u00f3n pro-Bosch ni del retorno a la constitucionalidad\u201d, dijo el exministro de Cultura.<\/p>\n<p>A partir de la Revoluci\u00f3n de Abril, a juicio de Raful, H\u00e9ctor Aristy se convirti\u00f3 en la primera figura civil, junto al coronel Francisco Alberto Caama\u00f1o De\u00f1\u00f3, y como su asistente desempe\u00f1\u00f3 un papel muy importante en la defensa de la soberan\u00eda nacional.<\/p>\n<p>\u201cHasta el grado de que los norteamericanos y especialmente el se\u00f1or John Bartlow Martin que hab\u00eda sido embajador estadounidense durante el gobierno de Bosch en Santo Domingo, lo ve\u00eda con ojeriza, porque dec\u00eda que influ\u00eda en el coronel Caama\u00f1o\u201d, subray\u00f3. Para Raful, H\u00e9ctor Aristy mantuvo siempre una actitud democr\u00e1tica en el pa\u00eds, que destac\u00f3 por su amabilidad.<\/p>\n<p>De Aristy, se han resaltado en sus datos biogr\u00e1ficos que fue un hombre que supo combinar la teor\u00eda con la pr\u00e1ctica durante los d\u00edas iniciales al estallido constitucionalista y cuando el desembarco de los marines de los Estados Unidos.<\/p>\n<p>Desempe\u00f1\u00f3 los cargos de subsecretario de Agricultura, embajador de Rep\u00fablica Dominicana ante la UNESCO y la Comunidad Europea. Fue miembro de la Juventud Democr\u00e1tica, vicepresidente del Partido Revolucionario Dominicano y Diputado. Acompa\u00f1\u00f3 a Hatuey De Camps en la fundaci\u00f3n del Partido Revolucionario Social Dem\u00f3crata.<\/p>\n<p>Tony Raful destac\u00f3 que realiz\u00f3 una gran actividad en la UNESCO y luego de dos intentos por retornar al pa\u00eds, porque si bien fue designado por Joaqu\u00edn Balaguer, cuando entr\u00f3 al pa\u00eds, se le permiti\u00f3 el ingreso por 72 horas hasta que pudo permanecer definitivamente al ganar las elecciones Silvestre Antonio Guzm\u00e1n Fern\u00e1ndez.<\/p>\n<p>\u201cSe integr\u00f3 al Partido Revolucionario Dominicano, especialmente por su relaci\u00f3n con el doctor Jos\u00e9 Francisco Pe\u00f1a G\u00f3mez\u201d, dijo.<\/p>\n","protected":false},"excerpt":{"rendered":"<p>RD- SANTO DOMINGO- A la edad de 83 a\u00f1os muri\u00f3 quien fuera el ministro de la Presidencia del Gobierno de Francisco Alberto Caama\u00f1o, luchador constitucionalista y abanderado de la democracia, H\u00e9ctor Aristy. Sus restos ser\u00e1n expuestos a partir del mediod\u00eda de hoy en la Funeraria Blandino de la avenida Abraham Lincoln. H\u00e9ctor Aristy fue uno [&hellip;]<\/p>\n","protected":false},"author":8,"featured_media":17839,"comment_status":"open","ping_status":"open","sticky":false,"template":"","format":"standard","meta":{"footnotes":""},"categories":[44],"tags":[],"class_list":["post-17838","post","type-post","status-publish","format-standard","has-post-thumbnail","hentry","category-republica-dominicana"],"_links":{"self":[{"href":"https:\/\/2horizontes.com\/index.php?rest_route=\/wp\/v2\/posts\/17838","targetHints":{"allow":["GET"]}}],"collection":[{"href":"https:\/\/2horizontes.com\/index.php?rest_route=\/wp\/v2\/posts"}],"about":[{"href":"https:\/\/2horizontes.com\/index.php?rest_route=\/wp\/v2\/types\/post"}],"author":[{"embeddable":true,"href":"https:\/\/2horizontes.com\/index.php?rest_route=\/wp\/v2\/users\/8"}],"replies":[{"embeddable":true,"href":"https:\/\/2horizontes.com\/index.php?rest_route=%2Fwp%2Fv2%2Fcomments&post=17838"}],"version-history":[{"count":1,"href":"https:\/\/2horizontes.com\/index.php?rest_route=\/wp\/v2\/posts\/17838\/revisions"}],"predecessor-version":[{"id":17840,"href":"https:\/\/2horizontes.com\/index.php?rest_route=\/wp\/v2\/posts\/17838\/revisions\/17840"}],"wp:featuredmedia":[{"embeddable":true,"href":"https:\/\/2horizontes.com\/index.php?rest_route=\/wp\/v2\/media\/17839"}],"wp:attachment":[{"href":"https:\/\/2horizontes.com\/index.php?rest_route=%2Fwp%2Fv2%2Fmedia&parent=17838"}],"wp:term":[{"taxonomy":"category","embeddable":true,"href":"https:\/\/2horizontes.com\/index.php?rest_route=%2Fwp%2Fv2%2Fcategories&post=17838"},{"taxonomy":"post_tag","embeddable":true,"href":"https:\/\/2horizontes.com\/index.php?rest_route=%2Fwp%2Fv2%2Ftags&post=17838"}],"curies":[{"name":"wp","href":"https:\/\/api.w.org\/{rel}","templated":true}]}}