{"id":17743,"date":"2015-07-24T19:04:33","date_gmt":"2015-07-24T18:04:33","guid":{"rendered":"http:\/\/2horizontes.com\/?p=17743"},"modified":"2015-07-24T19:04:33","modified_gmt":"2015-07-24T18:04:33","slug":"colau-retira-el-busto-de-juan-carlos-i-del-ayuntamiento-de-barcelona","status":"publish","type":"post","link":"https:\/\/2horizontes.com\/?p=17743","title":{"rendered":"Colau retira el busto de Juan Carlos I del Ayuntamiento de Barcelona"},"content":{"rendered":"<p>Ada Colau sigue engrosando su retah\u00edla de conflictos. A sus enfrentamientos con el sector hotelero, el Ministerio de Fomento o la Iglesia, debe a\u00f1adirse ahora el choque con la Corona. La alcaldesa de Barcelona retir\u00f3 ayer sorpresivamente el busto del Rey Juan Carlos I que presid\u00eda el sal\u00f3n de plenos del Ayuntamiento desde 1976, cuando sustituy\u00f3 al del dictador Francisco Franco.<\/p>\n<p>El Gobierno de la capital catalana aleg\u00f3 que Don Juan Carlos no es el actual jefe del Estado y que, por tanto, su presencia constitu\u00eda una \u00abanomal\u00eda\u00bb. Seg\u00fan un Real Decreto de 1986, todos los ayuntamientos espa\u00f1oles deber\u00e1n colocar una \u00abefigie\u00bb del Rey \u00aben un lugar preferente del sal\u00f3n de sesiones\u00bb. El primer teniente de alcalde de Barcelona, Gerardo Pisarello, defendi\u00f3 que el Consistorio ya incumpl\u00eda esa norma desde que en junio de 2014 el Rey Juan Carlos abdic\u00f3, pero en ning\u00fan caso se comprometi\u00f3 a sustituir el busto por una imagen del actual Monarca, Felipe VI. Pisarello \u00fanicamente abri\u00f3 la puerta a estudiar con los grupos de la oposici\u00f3n municipal \u00abc\u00f3mo cumplir una ley muy interpretable\u00bb. \u00abPodemos poner un dibujo, una pintura o una estatua ecuestre\u00bb, brome\u00f3 en tono jocoso el n\u00famero dos de Colau, quien se neg\u00f3 a concretar por cu\u00e1nto tiempo pretenden desobedecer la normativa estatal.<\/p>\n<p>El Gobierno de Barcelona ofreci\u00f3 di\u00e1logo al resto de partidos con representaci\u00f3n en el Consistorio, pero practica los hechos consumados. La mano derecha de Colau justific\u00f3 esta nueva actuaci\u00f3n unilateral por la necesidad de evidenciar las \u00abprofundas convicciones republicanas\u00bb del Ejecutivo barcelon\u00e9s.<\/p>\n<p>La retirada del busto<\/p>\n<p>Mientras el primer teniente de alcalde se esforzaba por argumentar la controvertida decisi\u00f3n de Colau, los operarios de mantenimiento aguardaban su turno en el sal\u00f3n de plenos. Provistos de una escalera, esperaron la llegada de la comitiva gubernamental y medi\u00e1tica y retiraron el busto de Don Juan Carlos, lentamente, para deleite de los fot\u00f3grafos. Siguiendo \u00f3rdenes, repitieron la operaci\u00f3n para garantizar que la escena quedaba convenientemente registrada y despu\u00e9s depositaron la estatua del Rey en una caja de cart\u00f3n. Su destino ser\u00e1, previsiblemente, el Museo de Historia de Barcelona.<\/p>\n<p>La performance provoc\u00f3 un enorme enfado en el jefe de filas del PP en Barcelona. Alberto Fern\u00e1ndez irrumpi\u00f3 en el sal\u00f3n de plenos s\u00f3lo unos minutos despu\u00e9s de que Juan Carlos I dejara de presidirlo para denunciar el \u00abescarnio\u00bb que advirti\u00f3 en la decisi\u00f3n de Colau y el modo de ejecutarla. Despu\u00e9s reclamar\u00eda la inmediata colocaci\u00f3n de una imagen de Felipe VI.<\/p>\n","protected":false},"excerpt":{"rendered":"<p>Ada Colau sigue engrosando su retah\u00edla de conflictos. A sus enfrentamientos con el sector hotelero, el Ministerio de Fomento o la Iglesia, debe a\u00f1adirse ahora el choque con la Corona. La alcaldesa de Barcelona retir\u00f3 ayer sorpresivamente el busto del Rey Juan Carlos I que presid\u00eda el sal\u00f3n de plenos del Ayuntamiento desde 1976, cuando [&hellip;]<\/p>\n","protected":false},"author":3,"featured_media":17744,"comment_status":"open","ping_status":"open","sticky":false,"template":"","format":"standard","meta":{"footnotes":""},"categories":[85],"tags":[],"class_list":["post-17743","post","type-post","status-publish","format-standard","has-post-thumbnail","hentry","category-espana"],"_links":{"self":[{"href":"https:\/\/2horizontes.com\/index.php?rest_route=\/wp\/v2\/posts\/17743","targetHints":{"allow":["GET"]}}],"collection":[{"href":"https:\/\/2horizontes.com\/index.php?rest_route=\/wp\/v2\/posts"}],"about":[{"href":"https:\/\/2horizontes.com\/index.php?rest_route=\/wp\/v2\/types\/post"}],"author":[{"embeddable":true,"href":"https:\/\/2horizontes.com\/index.php?rest_route=\/wp\/v2\/users\/3"}],"replies":[{"embeddable":true,"href":"https:\/\/2horizontes.com\/index.php?rest_route=%2Fwp%2Fv2%2Fcomments&post=17743"}],"version-history":[{"count":1,"href":"https:\/\/2horizontes.com\/index.php?rest_route=\/wp\/v2\/posts\/17743\/revisions"}],"predecessor-version":[{"id":17745,"href":"https:\/\/2horizontes.com\/index.php?rest_route=\/wp\/v2\/posts\/17743\/revisions\/17745"}],"wp:featuredmedia":[{"embeddable":true,"href":"https:\/\/2horizontes.com\/index.php?rest_route=\/wp\/v2\/media\/17744"}],"wp:attachment":[{"href":"https:\/\/2horizontes.com\/index.php?rest_route=%2Fwp%2Fv2%2Fmedia&parent=17743"}],"wp:term":[{"taxonomy":"category","embeddable":true,"href":"https:\/\/2horizontes.com\/index.php?rest_route=%2Fwp%2Fv2%2Fcategories&post=17743"},{"taxonomy":"post_tag","embeddable":true,"href":"https:\/\/2horizontes.com\/index.php?rest_route=%2Fwp%2Fv2%2Ftags&post=17743"}],"curies":[{"name":"wp","href":"https:\/\/api.w.org\/{rel}","templated":true}]}}