{"id":17724,"date":"2015-07-24T18:43:32","date_gmt":"2015-07-24T17:43:32","guid":{"rendered":"http:\/\/2horizontes.com\/?p=17724"},"modified":"2015-07-24T18:43:32","modified_gmt":"2015-07-24T17:43:32","slug":"muere-un-menor-cuando-jugaba-con-una-escopeta-de-perdigones-e-imputan-a-dos-amigos","status":"publish","type":"post","link":"https:\/\/2horizontes.com\/?p=17724","title":{"rendered":"Muere un menor cuando jugaba con una escopeta de perdigones e imputan a dos amigos"},"content":{"rendered":"<p>Muere un menor cuando jugaba con una escopeta de perdigones e imputan a dos amigos<\/p>\n<p>Dos menores han sido imputados por imprudencia temeraria en la muerte de otro \u00abde forma fortuita\u00bb por un perdig\u00f3n, ha informado el Gobierno de Navarra.<\/p>\n<p>Ambos menores, de 15 a\u00f1os, igual que la v\u00edctima, residen en esta localidad y se encuentran en libertad bajo la custodia de sus padres, a la espera de prestar declaraci\u00f3n ante el juez.<\/p>\n<p>El suceso ocurri\u00f3 ayer en torno a las 01:15 horas en una planta baja del n\u00famero 1 de la calle Juan Cruz Labeaga Viana, que celebra durante estos d\u00edas sus fiestas patronales.<\/p>\n<p>La Fiscal\u00eda de Menores instruye las correspondientes diligencias, y la Polic\u00eda Foral investiga las circunstancias en las que se produjeron los hechos.<\/p>\n<p>Fuentes pr\u00f3ximas al caso han indicado que un perdig\u00f3n que \u00abde forma fortuita\u00bb alcanz\u00f3 al menor es la posible causa de su fallecimiento, algo que trata de esclarecer la Polic\u00eda Foral mediante testimonios presenciales.<\/p>\n<p>Al parecer, el suceso podr\u00eda tener su origen en los juegos que la v\u00edctima y un grupo de amigos estaban haciendo con una escopeta de perdigones.<\/p>\n<p>Y al respecto las mismas fuentes han se\u00f1alado que si bien los perdigones \u00abno tienen la entidad necesaria\u00bb para causar \u00abhabitualmente\u00bb la muerte, un bal\u00edn de este tipo puede, ocasionalmente, provocarla.<\/p>\n","protected":false},"excerpt":{"rendered":"<p>Muere un menor cuando jugaba con una escopeta de perdigones e imputan a dos amigos Dos menores han sido imputados por imprudencia temeraria en la muerte de otro \u00abde forma fortuita\u00bb por un perdig\u00f3n, ha informado el Gobierno de Navarra. Ambos menores, de 15 a\u00f1os, igual que la v\u00edctima, residen en esta localidad y se [&hellip;]<\/p>\n","protected":false},"author":3,"featured_media":17725,"comment_status":"open","ping_status":"open","sticky":false,"template":"","format":"standard","meta":{"footnotes":""},"categories":[85],"tags":[],"class_list":["post-17724","post","type-post","status-publish","format-standard","has-post-thumbnail","hentry","category-espana"],"_links":{"self":[{"href":"https:\/\/2horizontes.com\/index.php?rest_route=\/wp\/v2\/posts\/17724","targetHints":{"allow":["GET"]}}],"collection":[{"href":"https:\/\/2horizontes.com\/index.php?rest_route=\/wp\/v2\/posts"}],"about":[{"href":"https:\/\/2horizontes.com\/index.php?rest_route=\/wp\/v2\/types\/post"}],"author":[{"embeddable":true,"href":"https:\/\/2horizontes.com\/index.php?rest_route=\/wp\/v2\/users\/3"}],"replies":[{"embeddable":true,"href":"https:\/\/2horizontes.com\/index.php?rest_route=%2Fwp%2Fv2%2Fcomments&post=17724"}],"version-history":[{"count":1,"href":"https:\/\/2horizontes.com\/index.php?rest_route=\/wp\/v2\/posts\/17724\/revisions"}],"predecessor-version":[{"id":17726,"href":"https:\/\/2horizontes.com\/index.php?rest_route=\/wp\/v2\/posts\/17724\/revisions\/17726"}],"wp:featuredmedia":[{"embeddable":true,"href":"https:\/\/2horizontes.com\/index.php?rest_route=\/wp\/v2\/media\/17725"}],"wp:attachment":[{"href":"https:\/\/2horizontes.com\/index.php?rest_route=%2Fwp%2Fv2%2Fmedia&parent=17724"}],"wp:term":[{"taxonomy":"category","embeddable":true,"href":"https:\/\/2horizontes.com\/index.php?rest_route=%2Fwp%2Fv2%2Fcategories&post=17724"},{"taxonomy":"post_tag","embeddable":true,"href":"https:\/\/2horizontes.com\/index.php?rest_route=%2Fwp%2Fv2%2Ftags&post=17724"}],"curies":[{"name":"wp","href":"https:\/\/api.w.org\/{rel}","templated":true}]}}