{"id":17709,"date":"2015-07-24T18:24:24","date_gmt":"2015-07-24T17:24:24","guid":{"rendered":"http:\/\/2horizontes.com\/?p=17709"},"modified":"2015-07-24T18:24:24","modified_gmt":"2015-07-24T17:24:24","slug":"daremos-la-renta-minima-a-3-000-o-4-000-familias-de-baleares-en-2016","status":"publish","type":"post","link":"https:\/\/2horizontes.com\/?p=17709","title":{"rendered":"Daremos la renta m\u00ednima a 3.000 o 4.000 familias de Baleares en 2016"},"content":{"rendered":"<p>Anunci\u00f3 que abandonar\u00eda la primera l\u00ednea pol\u00edtica y que no concurrir\u00eda en las elecciones de mayo, pero la econacionalista Fina Santiago ha decidido aparcar esa idea al considerar que su partido \u00abnecesita gente con experiencia en gestionar\u00bb. La nueva consellera de Servicios Sociales y Cooperaci\u00f3n llega con ganas de cambiar las cosas y con la renta m\u00ednima garantizada a personas en riesgo de exclusi\u00f3n social y sin recursos como proyecto estrella de su conselleria para esta legislatura.<\/p>\n","protected":false},"excerpt":{"rendered":"<p>Anunci\u00f3 que abandonar\u00eda la primera l\u00ednea pol\u00edtica y que no concurrir\u00eda en las elecciones de mayo, pero la econacionalista Fina Santiago ha decidido aparcar esa idea al considerar que su partido \u00abnecesita gente con experiencia en gestionar\u00bb. La nueva consellera de Servicios Sociales y Cooperaci\u00f3n llega con ganas de cambiar las cosas y con la [&hellip;]<\/p>\n","protected":false},"author":3,"featured_media":17710,"comment_status":"open","ping_status":"open","sticky":false,"template":"","format":"standard","meta":{"footnotes":""},"categories":[85],"tags":[],"class_list":["post-17709","post","type-post","status-publish","format-standard","has-post-thumbnail","hentry","category-espana"],"_links":{"self":[{"href":"https:\/\/2horizontes.com\/index.php?rest_route=\/wp\/v2\/posts\/17709","targetHints":{"allow":["GET"]}}],"collection":[{"href":"https:\/\/2horizontes.com\/index.php?rest_route=\/wp\/v2\/posts"}],"about":[{"href":"https:\/\/2horizontes.com\/index.php?rest_route=\/wp\/v2\/types\/post"}],"author":[{"embeddable":true,"href":"https:\/\/2horizontes.com\/index.php?rest_route=\/wp\/v2\/users\/3"}],"replies":[{"embeddable":true,"href":"https:\/\/2horizontes.com\/index.php?rest_route=%2Fwp%2Fv2%2Fcomments&post=17709"}],"version-history":[{"count":1,"href":"https:\/\/2horizontes.com\/index.php?rest_route=\/wp\/v2\/posts\/17709\/revisions"}],"predecessor-version":[{"id":17711,"href":"https:\/\/2horizontes.com\/index.php?rest_route=\/wp\/v2\/posts\/17709\/revisions\/17711"}],"wp:featuredmedia":[{"embeddable":true,"href":"https:\/\/2horizontes.com\/index.php?rest_route=\/wp\/v2\/media\/17710"}],"wp:attachment":[{"href":"https:\/\/2horizontes.com\/index.php?rest_route=%2Fwp%2Fv2%2Fmedia&parent=17709"}],"wp:term":[{"taxonomy":"category","embeddable":true,"href":"https:\/\/2horizontes.com\/index.php?rest_route=%2Fwp%2Fv2%2Fcategories&post=17709"},{"taxonomy":"post_tag","embeddable":true,"href":"https:\/\/2horizontes.com\/index.php?rest_route=%2Fwp%2Fv2%2Ftags&post=17709"}],"curies":[{"name":"wp","href":"https:\/\/api.w.org\/{rel}","templated":true}]}}