{"id":17694,"date":"2015-07-24T18:03:46","date_gmt":"2015-07-24T17:03:46","guid":{"rendered":"http:\/\/2horizontes.com\/?p=17694"},"modified":"2015-07-24T18:03:46","modified_gmt":"2015-07-24T17:03:46","slug":"sanidad-ordena-cerrar-un-psiquiatrico-privado-por-multiples-deficiencias","status":"publish","type":"post","link":"https:\/\/2horizontes.com\/?p=17694","title":{"rendered":"Sanidad ordena cerrar un psiqui\u00e1trico privado por m\u00faltiples deficiencias"},"content":{"rendered":"<p>La Comunidad de Madrid ha abierto expediente sancionador y ha ordenado el cierre cautelar de una cl\u00ednica psiqui\u00e1trica privada de la capital, el Sanatorio Esquerdo, tras detectar en una inspecci\u00f3n \u00abm\u00faltiples irregularidades y deficiencias\u00bb, seg\u00fan ha anunciado a \u00faltima hora de la tarde en un comunicado.<\/p>\n<p>El centro tiene ingresados actualmente a 85 pacientes, que tendr\u00e1n que ser reubicados en un plazo m\u00e1ximo de 15 d\u00edas. Despu\u00e9s, la cl\u00ednica ser\u00e1 clausurada cautelarmente. Entre las irregularidades que ha detectado la inspecci\u00f3n de la Consejer\u00eda de Sanidad figuran carecer de un plan de incendios, entre otras medidas de seguridad, y no contar con el personal sanitario adecuado. En total, son 14 las deficiencias encontradas.<\/p>\n<p>La decisi\u00f3n de cerrar el centro se ha tomado este jueves por la ma\u00f1ana, pero el Ejecutivo regional no ha informado hasta pasadas las ocho de la tarde. Seg\u00fan la nota, Sanidad est\u00e1 poni\u00e9ndose en contacto con los familiares de los pacientes \u00abpara que conozcan la situaci\u00f3n en la que se encontraban las instalaciones\u00bb.<\/p>\n<p>El Sanatorio Esquerdo fue inaugurado en 1877 en Carabanchel. Lleva el nombre de su fundador, el psiquiatra y pol\u00edtico Jos\u00e9 Mar\u00eda Esquerdo, su fundador. Seg\u00fan informa en su p\u00e1gina web, el centro \u00abofrece atenci\u00f3n m\u00e9dica 24 horas\u00bb en un edificio de 11.000 metros cuadrados rodeado de una zona ajardinada. EL PA\u00cdS intent\u00f3, sin \u00e9xito, hablar con alguno de sus responsables.<\/p>\n<p>Las primeras inspecciones del centro datan de 2009, \u00absiendo objeto de distintos requerimientos para subsanar deficiencias, que no fueron debidamente atendidas\u00bb, se\u00f1ala la Consejer\u00eda de Sanidad, que a\u00f1ade que recibi\u00f3 a principios de a\u00f1o la reclamaci\u00f3n de un familiar \u00abpor mala praxis de un profesional, lo que dio lugar a una inspecci\u00f3n, que constat\u00f3 irregularidades\u00bb.<\/p>\n<p>Sanidad hizo un requerimiento el pasado mes de marzo para que se subsanaran las deficiencias detectadas. En la inspecci\u00f3n de este jueves constat\u00f3 que solo se hab\u00edan arreglado problemas menores y que las deficiencias de seguridad segu\u00edan existiendo.<\/p>\n","protected":false},"excerpt":{"rendered":"<p>La Comunidad de Madrid ha abierto expediente sancionador y ha ordenado el cierre cautelar de una cl\u00ednica psiqui\u00e1trica privada de la capital, el Sanatorio Esquerdo, tras detectar en una inspecci\u00f3n \u00abm\u00faltiples irregularidades y deficiencias\u00bb, seg\u00fan ha anunciado a \u00faltima hora de la tarde en un comunicado. El centro tiene ingresados actualmente a 85 pacientes, que [&hellip;]<\/p>\n","protected":false},"author":3,"featured_media":17695,"comment_status":"open","ping_status":"open","sticky":false,"template":"","format":"standard","meta":{"footnotes":""},"categories":[85],"tags":[],"class_list":["post-17694","post","type-post","status-publish","format-standard","has-post-thumbnail","hentry","category-espana"],"_links":{"self":[{"href":"https:\/\/2horizontes.com\/index.php?rest_route=\/wp\/v2\/posts\/17694","targetHints":{"allow":["GET"]}}],"collection":[{"href":"https:\/\/2horizontes.com\/index.php?rest_route=\/wp\/v2\/posts"}],"about":[{"href":"https:\/\/2horizontes.com\/index.php?rest_route=\/wp\/v2\/types\/post"}],"author":[{"embeddable":true,"href":"https:\/\/2horizontes.com\/index.php?rest_route=\/wp\/v2\/users\/3"}],"replies":[{"embeddable":true,"href":"https:\/\/2horizontes.com\/index.php?rest_route=%2Fwp%2Fv2%2Fcomments&post=17694"}],"version-history":[{"count":1,"href":"https:\/\/2horizontes.com\/index.php?rest_route=\/wp\/v2\/posts\/17694\/revisions"}],"predecessor-version":[{"id":17696,"href":"https:\/\/2horizontes.com\/index.php?rest_route=\/wp\/v2\/posts\/17694\/revisions\/17696"}],"wp:featuredmedia":[{"embeddable":true,"href":"https:\/\/2horizontes.com\/index.php?rest_route=\/wp\/v2\/media\/17695"}],"wp:attachment":[{"href":"https:\/\/2horizontes.com\/index.php?rest_route=%2Fwp%2Fv2%2Fmedia&parent=17694"}],"wp:term":[{"taxonomy":"category","embeddable":true,"href":"https:\/\/2horizontes.com\/index.php?rest_route=%2Fwp%2Fv2%2Fcategories&post=17694"},{"taxonomy":"post_tag","embeddable":true,"href":"https:\/\/2horizontes.com\/index.php?rest_route=%2Fwp%2Fv2%2Ftags&post=17694"}],"curies":[{"name":"wp","href":"https:\/\/api.w.org\/{rel}","templated":true}]}}